{"id":1043,"date":"2011-06-05T11:24:30","date_gmt":"2011-06-05T14:24:30","guid":{"rendered":"http:\/\/t00ee.com\/aacrimesc\/?p=1043"},"modified":"2011-06-05T11:24:30","modified_gmt":"2011-06-05T14:24:30","slug":"v-simposio-a-acrimesc","status":"publish","type":"post","link":"https:\/\/aacrimesc.org.br\/v-simposio-a-acrimesc\/","title":{"rendered":"V Simp\u00f3sio AACRIMESC"},"content":{"rendered":"<p align=\"center\"><strong><\/strong><strong>A crise no Sistema Prisional Brasileiro<\/strong><\/p>\n<p align=\"center\"><strong>Realidade e Alternativas<\/strong><\/p>\n<p align=\"justify\"><strong><\/strong>Associa\u00e7\u00e3o dos Advogados Criminalistas do Estado de Santa Catarina comemorou o sucesso do V Simp\u00f3sio, realizado entre os dias 30 e 31 de maio na OAB\/SC.<\/p>\n<p align=\"justify\">\u201cAgrade\u00e7o todos os coordenadores e professores das universidades de Florian\u00f3polis que participaram com seus alunos neste V Simp\u00f3sio, tenho certeza que muitos sa\u00edram satisfeitos do evento\u201d, afirmou o Vice-Presidente da A.ACRIMESC e palestrante, H\u00e9lio Brasil.<\/p>\n<p align=\"justify\">O I Simp\u00f3sio da A.ACRIMESC, foi realizado nos dias 14 e 15 de maio de 2009, com o tema: \u201cA Viol\u00eancia Urbana sob a \u00d3tica do Universo Penal\u201d, a partir deste momento a A.ACRIMESC n\u00e3o parou mais de trabalhar, organizou no mesmo ano o II Simp\u00f3sio, sendo o tema, \u201cA Defesa Criminal\u201d.<\/p>\n<p align=\"justify\"><strong><\/strong>No in\u00edcio de 2010, o III Simp\u00f3sio, abordou o tema, \u201cResponsabilidade Penal\u201d, consagrando um evento de sucesso na \u00e1rea jur\u00eddica em Santa Catarina. Segundo o Presidente da A.ACRIMESC, Dr. Valdir Mendes, o IV Simp\u00f3sio e o VI Encontro Nacional dos Advogados Criminalistas em Florian\u00f3polis no final de 2010 foi de grande import\u00e2ncia para a cidade, mas tamb\u00e9m para os advogados catarinenses que puderam aproveitar as palestras durante os tr\u00eas dias de evento.<\/p>\n<p align=\"justify\"><strong><\/strong>O V Simp\u00f3sio da A.ACRIMESC, apresentou um tema atual, \u201cA crise no Sistema Prisional Brasileiro \u2013 Realidade e Alternativas\u201d. Segundo o Presidente da A.ACRIMESC, \u00e9 necess\u00e1rio debater conceitos sobre a diversidade dos problemas no referido sistema.<\/p>\n<p align=\"justify\">Para ele, \u00e9 necess\u00e1rio criar um sistema prisional adequado. &#8220;Temos hoje um sistema completamente desumano, basicamente falido, o pr\u00f3prio ambiente que eles ficam s\u00e3o merecedores de interdi\u00e7\u00e3o&#8221;.<\/p>\n<p align=\"justify\"><strong><\/strong>O palestrante Carlos Pinto da Luz, atribui o sucesso do V Simp\u00f3sio aos membros da A.ACRIMESC, advogados e principalmente aos acad\u00eamicos que se fizeram presentes nos dois dias do evento. Este sucesso se resume ao trabalho que a A.ACRIMESC vem desenvolvendo desde o in\u00edcio do ano de 2009 para a sociedade, s\u00e3o a\u00e7\u00f5es como essas que trazem for\u00e7a para que esta associa\u00e7\u00e3o possa continuar trabalhando e sempre querendo mais.<\/p>\n","protected":false},"excerpt":{"rendered":"<p>A crise no Sistema Prisional Brasileiro Realidade e Alternativas Associa\u00e7\u00e3o dos Advogados Criminalistas do Estado de Santa Catarina comemorou o sucesso do V Simp\u00f3sio, realizado entre<span class=\"excerpt-hellip\"> [\u2026]<\/span><\/p>\n","protected":false},"author":4,"featured_media":0,"comment_status":"closed","ping_status":"open","sticky":false,"template":"","format":"standard","meta":{"_acf_changed":false,"footnotes":""},"categories":[4],"tags":[],"class_list":["post-1043","post","type-post","status-publish","format-standard","hentry","category-noticias"],"acf":[],"jetpack_featured_media_url":"","_links":{"self":[{"href":"https:\/\/aacrimesc.org.br\/json\/wp\/v2\/posts\/1043","targetHints":{"allow":["GET"]}}],"collection":[{"href":"https:\/\/aacrimesc.org.br\/json\/wp\/v2\/posts"}],"about":[{"href":"https:\/\/aacrimesc.org.br\/json\/wp\/v2\/types\/post"}],"author":[{"embeddable":true,"href":"https:\/\/aacrimesc.org.br\/json\/wp\/v2\/users\/4"}],"replies":[{"embeddable":true,"href":"https:\/\/aacrimesc.org.br\/json\/wp\/v2\/comments?post=1043"}],"version-history":[{"count":0,"href":"https:\/\/aacrimesc.org.br\/json\/wp\/v2\/posts\/1043\/revisions"}],"wp:attachment":[{"href":"https:\/\/aacrimesc.org.br\/json\/wp\/v2\/media?parent=1043"}],"wp:term":[{"taxonomy":"category","embeddable":true,"href":"https:\/\/aacrimesc.org.br\/json\/wp\/v2\/categories?post=1043"},{"taxonomy":"post_tag","embeddable":true,"href":"https:\/\/aacrimesc.org.br\/json\/wp\/v2\/tags?post=1043"}],"curies":[{"name":"wp","href":"https:\/\/api.w.org\/{rel}","templated":true}]}}