{"id":11924,"date":"2024-03-05T12:00:45","date_gmt":"2024-03-05T15:00:45","guid":{"rendered":"https:\/\/aacrimesc.org.br\/?p=11924"},"modified":"2024-03-05T12:00:47","modified_gmt":"2024-03-05T15:00:47","slug":"aacrimesc-abre-edital-para-submissao-de-artigos-para-o-volume-4-da-colecao-temas-do-direito-criminal","status":"publish","type":"post","link":"https:\/\/aacrimesc.org.br\/aacrimesc-abre-edital-para-submissao-de-artigos-para-o-volume-4-da-colecao-temas-do-direito-criminal\/","title":{"rendered":"AACRIMESC abre edital para submiss\u00e3o de artigos para o volume 4 da cole\u00e7\u00e3o &#8220;Temas do Direito Criminal&#8221;"},"content":{"rendered":"\n<p>A Regional de Brusque da Associa\u00e7\u00e3o dos Advogados Criminalistas do Estado de Santa Catarina (Aacrimesc) abriu o edital para submiss\u00e3o de artigos cient\u00edficos destinados ao volume 4 da cole\u00e7\u00e3o \u201cTemas de Direito Criminal: Reflex\u00f5es sobre o Sistema Prisional Brasileiro&#8221;.<\/p>\n\n\n\n<p>A publica\u00e7\u00e3o \u00e9 coordenada e organizada pela presidente Elis\u00e2ngela Muniz e pelos associados Fernanda Anal\u00fa Marcola, Rog\u00e9rio Ristow e Kassia Grisa Tripadali. O prazo para submiss\u00e3o \u00e9 o dia 4 de agosto, e os artigos devem ser enviados para o e-mail para o e-mail <a href=\"mailto:livro.criminal@gmail.com\">livro.criminal@gmail.com<\/a>. O lan\u00e7amento da obra est\u00e1 previsto para 2 de dezembro.<\/p>\n\n\n\n<p>O quarto volume da colet\u00e2nea \u201cTemas de Direito Criminal\u201d vai se concentrar em an\u00e1lises cr\u00edticas acerca do sistema prisional no Brasil. A proposta \u00e9 reunir estudos cient\u00edficos que abordem quest\u00f5es criminais associadas ao sistema prisional brasileiro, abrangendo uma variedade de disciplinas como Direito Penal, Direito Processual Penal, Execu\u00e7\u00e3o Penal, Medicina Legal, Direito Penitenci\u00e1rio, Criminologia, al\u00e9m de tem\u00e1ticas pertinentes \u00e0 viol\u00eancia no sistema prisional brasileiro. \u201cAlmejamos tamb\u00e9m a inclus\u00e3o de trabalhos que promovam o di\u00e1logo transdisciplinar com outras \u00e1reas do saber\u201d, destacou a presidente.<\/p>\n\n\n\n<p>Poder\u00e3o submeter trabalhos para composi\u00e7\u00e3o de um cap\u00edtulo da obra advogados associados \u00e0 Aacrimesc ou inscritos da OAB Subse\u00e7\u00e3o de Brusque; professores universit\u00e1rios de disciplinas de Direito; acad\u00eamicos de Direito, desde que em co-autoria com advogado associado \u00e0 Aacrimesc ou inscrito na Subse\u00e7\u00e3o de Brusque da OAB ou ainda, com professor universit\u00e1rio orientador; al\u00e9m de convidados pela coordena\u00e7\u00e3o da obra ou pela Associa\u00e7\u00e3o dos Advogados Criminalistas do Estado de Santa Catarina.<\/p>\n\n\n\n<p>Mais informa\u00e7\u00f5es no edital dispon\u00edvel em <a href=\"https:\/\/aacrimesc.org.br\/wp-content\/uploads\/2024\/03\/2-Edital-2024-Chamada-de-Artigo-AACRIMESC-Vol.-4.-Sistema-Prisional-1.pdf\" target=\"_blank\" rel=\"noreferrer noopener\">https:\/\/aacrimesc.org.br\/wp-content\/uploads\/2024\/03\/2-Edital-2024-Chamada-de-Artigo-AACRIMESC-Vol.-4.-Sistema-Prisional-1.pdf<\/a><\/p>\n\n\n\n<p><\/p>\n","protected":false},"excerpt":{"rendered":"<p>A Regional de Brusque da Associa\u00e7\u00e3o dos Advogados Criminalistas do Estado de Santa Catarina (Aacrimesc) abriu o edital para submiss\u00e3o de artigos cient\u00edficos destinados ao volume<span class=\"excerpt-hellip\"> [\u2026]<\/span><\/p>\n","protected":false},"author":660,"featured_media":11925,"comment_status":"closed","ping_status":"closed","sticky":false,"template":"","format":"standard","meta":{"_acf_changed":false,"footnotes":""},"categories":[4],"tags":[],"class_list":["post-11924","post","type-post","status-publish","format-standard","has-post-thumbnail","hentry","category-noticias"],"acf":[],"jetpack_featured_media_url":"https:\/\/i0.wp.com\/aacrimesc.org.br\/wp-content\/uploads\/2024\/03\/WhatsApp-Image-2024-03-04-at-18.34.06.jpeg?fit=1080%2C990&ssl=1","_links":{"self":[{"href":"https:\/\/aacrimesc.org.br\/json\/wp\/v2\/posts\/11924","targetHints":{"allow":["GET"]}}],"collection":[{"href":"https:\/\/aacrimesc.org.br\/json\/wp\/v2\/posts"}],"about":[{"href":"https:\/\/aacrimesc.org.br\/json\/wp\/v2\/types\/post"}],"author":[{"embeddable":true,"href":"https:\/\/aacrimesc.org.br\/json\/wp\/v2\/users\/660"}],"replies":[{"embeddable":true,"href":"https:\/\/aacrimesc.org.br\/json\/wp\/v2\/comments?post=11924"}],"version-history":[{"count":0,"href":"https:\/\/aacrimesc.org.br\/json\/wp\/v2\/posts\/11924\/revisions"}],"wp:featuredmedia":[{"embeddable":true,"href":"https:\/\/aacrimesc.org.br\/json\/wp\/v2\/media\/11925"}],"wp:attachment":[{"href":"https:\/\/aacrimesc.org.br\/json\/wp\/v2\/media?parent=11924"}],"wp:term":[{"taxonomy":"category","embeddable":true,"href":"https:\/\/aacrimesc.org.br\/json\/wp\/v2\/categories?post=11924"},{"taxonomy":"post_tag","embeddable":true,"href":"https:\/\/aacrimesc.org.br\/json\/wp\/v2\/tags?post=11924"}],"curies":[{"name":"wp","href":"https:\/\/api.w.org\/{rel}","templated":true}]}}