{"id":12717,"date":"2024-08-29T17:59:10","date_gmt":"2024-08-29T20:59:10","guid":{"rendered":"https:\/\/aacrimesc.org.br\/?p=12717"},"modified":"2024-12-24T10:03:12","modified_gmt":"2024-12-24T13:03:12","slug":"xvi-simposio-da-aacrimesc-ii-encontro-estadual-da-abracrim-sc","status":"publish","type":"post","link":"https:\/\/aacrimesc.org.br\/xvi-simposio-da-aacrimesc-ii-encontro-estadual-da-abracrim-sc\/","title":{"rendered":"XVI Simp\u00f3sio \u2013 II Encontro Estadual da ABRACRIM-SC"},"content":{"rendered":"\n<h3 class=\"wp-block-heading\"><strong>Apresenta\u00e7\u00e3o dos Palestrantes e Programa\u00e7\u00e3o do Simp\u00f3sio<\/strong><\/h3>\n\n\n\n<div style=\"height:20px\" aria-hidden=\"true\" class=\"wp-block-spacer\"><\/div>\n\n\n\n<p class=\"wp-block-paragraph\">\u00c9 com grande satisfa\u00e7\u00e3o que apresentamos os palestrantes do nosso simp\u00f3sio, cujas contribui\u00e7\u00f5es e expertise enriquecer\u00e3o os debates e reflex\u00f5es ao longo do evento. Este encontro foi cuidadosamente planejado para proporcionar um ambiente de aprendizado, troca de experi\u00eancias e networking entre os profissionais presentes. <\/p>\n\n\n\n<p class=\"wp-block-paragraph\">Nossos palestrantes s\u00e3o renomados especialistas em suas \u00e1reas de atua\u00e7\u00e3o, trazendo perspectivas valiosas e insights sobre os temas mais atuais e relevantes no campo das ci\u00eancias criminais. Ao longo do simp\u00f3sio, abordaremos uma diversidade de t\u00f3picos, sempre com o objetivo de fomentar o crescimento profissional e o aprimoramento das pr\u00e1ticas jur\u00eddicas.<\/p>\n\n\n\n<p class=\"wp-block-paragraph\"> A programa\u00e7\u00e3o foi estruturada para maximizar o aproveitamento dos participantes, com palestras, mesas-redondas e sess\u00f5es de perguntas e respostas, permitindo uma intera\u00e7\u00e3o din\u00e2mica e enriquecedora. Esperamos que todos tirem o m\u00e1ximo proveito deste encontro, expandindo seus conhecimentos e fortalecendo suas redes de contato. <\/p>\n\n\n\n<p class=\"wp-block-paragraph\">Desejamos a todos um excelente evento!<\/p>\n\n\n\n<div style=\"height:50px\" aria-hidden=\"true\" class=\"wp-block-spacer\"><\/div>\n\n\n\n<h3 class=\"wp-block-heading\"><strong>Apresenta\u00e7\u00e3o dos Palestrantes<\/strong><\/h3>\n\n\n\n<div style=\"height:30px\" aria-hidden=\"true\" class=\"wp-block-spacer\"><\/div>\n\n\n<div class=\"wp-block-image\">\n<figure class=\"aligncenter size-full\"><img data-recalc-dims=\"1\" fetchpriority=\"high\" decoding=\"async\" width=\"740\" height=\"740\" src=\"https:\/\/i0.wp.com\/aacrimesc.org.br\/wp-content\/uploads\/2024\/08\/dr-jose-eduardo-cardoso.jpeg?resize=740%2C740&#038;ssl=1\" alt=\"\" class=\"wp-image-12739\" srcset=\"https:\/\/i0.wp.com\/aacrimesc.org.br\/wp-content\/uploads\/2024\/08\/dr-jose-eduardo-cardoso.jpeg?w=740&amp;ssl=1 740w, https:\/\/i0.wp.com\/aacrimesc.org.br\/wp-content\/uploads\/2024\/08\/dr-jose-eduardo-cardoso.jpeg?resize=300%2C300&amp;ssl=1 300w, https:\/\/i0.wp.com\/aacrimesc.org.br\/wp-content\/uploads\/2024\/08\/dr-jose-eduardo-cardoso.jpeg?resize=150%2C150&amp;ssl=1 150w, https:\/\/i0.wp.com\/aacrimesc.org.br\/wp-content\/uploads\/2024\/08\/dr-jose-eduardo-cardoso.jpeg?resize=600%2C600&amp;ssl=1 600w, https:\/\/i0.wp.com\/aacrimesc.org.br\/wp-content\/uploads\/2024\/08\/dr-jose-eduardo-cardoso.jpeg?resize=75%2C75&amp;ssl=1 75w, https:\/\/i0.wp.com\/aacrimesc.org.br\/wp-content\/uploads\/2024\/08\/dr-jose-eduardo-cardoso.jpeg?resize=361%2C361&amp;ssl=1 361w, https:\/\/i0.wp.com\/aacrimesc.org.br\/wp-content\/uploads\/2024\/08\/dr-jose-eduardo-cardoso.jpeg?resize=480%2C480&amp;ssl=1 480w\" sizes=\"(max-width:767px) 480px, 740px\" \/><\/figure>\n<\/div>\n\n\n<div style=\"height:25px\" aria-hidden=\"true\" class=\"wp-block-spacer\"><\/div>\n\n\n\n<p class=\"wp-block-paragraph\">O ex-ministro da Justi\u00e7a e ex-advogado Geral da Uni\u00e3o Jos\u00e9 Eduardo Cardozo est\u00e1 confirmado no XVI Simp\u00f3sio da Aacrimesc e II Encontro Estadual da Abracrim-SC, que ocorrem dias 12 e 13 de setembro, no pr\u00e9dio da Justi\u00e7a Federal, em Florian\u00f3polis.<\/p>\n\n\n\n<p class=\"wp-block-paragraph\">Cardozo \u00e9 mestre pela PUC-SP, doutor pela Universidade de Salamanca (Espanha) e pela USP. Professor da PUC-SP e da ESPM, tamb\u00e9m foi procurador do Munic\u00edpio de S\u00e3o Paulo, vereador e deputado federal.<\/p>\n\n\n\n<div style=\"height:80px\" aria-hidden=\"true\" class=\"wp-block-spacer\"><\/div>\n\n\n<div class=\"wp-block-image\">\n<figure class=\"aligncenter size-full\"><img data-recalc-dims=\"1\" decoding=\"async\" width=\"740\" height=\"740\" src=\"https:\/\/i0.wp.com\/aacrimesc.org.br\/wp-content\/uploads\/2024\/08\/dra-tatiana-borsa.jpeg?resize=740%2C740&#038;ssl=1\" alt=\"\" class=\"wp-image-12745\" srcset=\"https:\/\/i0.wp.com\/aacrimesc.org.br\/wp-content\/uploads\/2024\/08\/dra-tatiana-borsa.jpeg?w=740&amp;ssl=1 740w, https:\/\/i0.wp.com\/aacrimesc.org.br\/wp-content\/uploads\/2024\/08\/dra-tatiana-borsa.jpeg?resize=300%2C300&amp;ssl=1 300w, https:\/\/i0.wp.com\/aacrimesc.org.br\/wp-content\/uploads\/2024\/08\/dra-tatiana-borsa.jpeg?resize=150%2C150&amp;ssl=1 150w, https:\/\/i0.wp.com\/aacrimesc.org.br\/wp-content\/uploads\/2024\/08\/dra-tatiana-borsa.jpeg?resize=600%2C600&amp;ssl=1 600w, https:\/\/i0.wp.com\/aacrimesc.org.br\/wp-content\/uploads\/2024\/08\/dra-tatiana-borsa.jpeg?resize=75%2C75&amp;ssl=1 75w, https:\/\/i0.wp.com\/aacrimesc.org.br\/wp-content\/uploads\/2024\/08\/dra-tatiana-borsa.jpeg?resize=361%2C361&amp;ssl=1 361w, https:\/\/i0.wp.com\/aacrimesc.org.br\/wp-content\/uploads\/2024\/08\/dra-tatiana-borsa.jpeg?resize=480%2C480&amp;ssl=1 480w\" sizes=\"(max-width:767px) 480px, 740px\" \/><\/figure>\n<\/div>\n\n\n<div style=\"height:25px\" aria-hidden=\"true\" class=\"wp-block-spacer\"><\/div>\n\n\n\n<p class=\"wp-block-paragraph\">A criminalista Tatiana Borsa tamb\u00e9m est\u00e1 confirmada como palestrante do XVI Simp\u00f3sio da Aacrimesc e II Encontro Estadual da Abracrim-SC, dias 12 e 13 de setembro, em Florian\u00f3polis, com o tema &#8220;Ajustando a frequ\u00eancia: a evolu\u00e7\u00e3o da advocacia criminal no s\u00e9culo 21&#8221;.<\/p>\n\n\n\n<p class=\"wp-block-paragraph\">Tatiana Borsa \u00e9 mestre em Ci\u00eancias Criminais e p\u00f3s-graduanda em Tribunal do J\u00fari. Integrante da Abracrim-RS, faz parte da Comiss\u00e3o Nacional do Tribunal do J\u00fari, \u00e9 ju\u00edza da competi\u00e7\u00e3o de julgamento simulado do Sistema Interamericano de Direitos Humanos, realizada em Washington (EUA) e coordenadora do grupo de estudos do Instituto Brasileiro de Ci\u00eancias Criminais (Ibccrim) sobre tribunal do j\u00fari.<\/p>\n\n\n\n<div style=\"height:80px\" aria-hidden=\"true\" class=\"wp-block-spacer\"><\/div>\n\n\n<div class=\"wp-block-image\">\n<figure class=\"aligncenter size-full\"><img data-recalc-dims=\"1\" decoding=\"async\" width=\"740\" height=\"740\" src=\"https:\/\/i0.wp.com\/aacrimesc.org.br\/wp-content\/uploads\/2024\/08\/dr-antonio-belarmino.jr_.jpeg?resize=740%2C740&#038;ssl=1\" alt=\"\" class=\"wp-image-12733\" srcset=\"https:\/\/i0.wp.com\/aacrimesc.org.br\/wp-content\/uploads\/2024\/08\/dr-antonio-belarmino.jr_.jpeg?w=740&amp;ssl=1 740w, https:\/\/i0.wp.com\/aacrimesc.org.br\/wp-content\/uploads\/2024\/08\/dr-antonio-belarmino.jr_.jpeg?resize=300%2C300&amp;ssl=1 300w, https:\/\/i0.wp.com\/aacrimesc.org.br\/wp-content\/uploads\/2024\/08\/dr-antonio-belarmino.jr_.jpeg?resize=150%2C150&amp;ssl=1 150w, https:\/\/i0.wp.com\/aacrimesc.org.br\/wp-content\/uploads\/2024\/08\/dr-antonio-belarmino.jr_.jpeg?resize=600%2C600&amp;ssl=1 600w, https:\/\/i0.wp.com\/aacrimesc.org.br\/wp-content\/uploads\/2024\/08\/dr-antonio-belarmino.jr_.jpeg?resize=75%2C75&amp;ssl=1 75w, https:\/\/i0.wp.com\/aacrimesc.org.br\/wp-content\/uploads\/2024\/08\/dr-antonio-belarmino.jr_.jpeg?resize=361%2C361&amp;ssl=1 361w, https:\/\/i0.wp.com\/aacrimesc.org.br\/wp-content\/uploads\/2024\/08\/dr-antonio-belarmino.jr_.jpeg?resize=480%2C480&amp;ssl=1 480w\" sizes=\"(max-width:767px) 480px, 740px\" \/><\/figure>\n<\/div>\n\n\n<div style=\"height:25px\" aria-hidden=\"true\" class=\"wp-block-spacer\"><\/div>\n\n\n\n<p class=\"wp-block-paragraph\">O advogado paulista Antonio Belarmino Junior \u00e9 mais um palestrante garantido no XVI Simp\u00f3sio da Aacrimesc e II Encontro Estadual da Abracrim-SC, que ocorrer\u00e1 dias 12 e 13 de setembro, em Florian\u00f3polis.<\/p>\n\n\n\n<p class=\"wp-block-paragraph\">Doutorando em Direito e Governan\u00e7a Global pela Universidade de Salamanca e mestre em Direito Penal e Ci\u00eancias Criminais pela Universidade de Sevilha, ambas na Espanha, e p\u00f3s-graduado em Ci\u00eancias Criminais pela FDRP\/USP, Antonio Belarmino Junior foi presidente da Associa\u00e7\u00e3o Brasileira dos Advogados Criminalistas no Estado de S\u00e3o Paulo (Abracrim-SP) e diretor nacional de Rela\u00e7\u00f5es Institucionais da Abracrim.<\/p>\n\n\n\n<p class=\"wp-block-paragraph\">\u00c9 professor de Direito Penal da Gradua\u00e7\u00e3o da Faculdade FGP, da p\u00f3s-gradua\u00e7\u00e3o de Direito Penal e Processo Penal do Instituto de Estudos Jur\u00eddicos (Iejur), coordenador da p\u00f3s-gradua\u00e7\u00e3o de Direito Penal da Faculdade FGP, professor convidado da p\u00f3s-gradua\u00e7\u00e3o em Performance Advocat\u00edcia da Escola Superior de Direito (ESD), autor e coautor de obras jur\u00eddicas e parecerista.<\/p>\n\n\n\n<div style=\"height:80px\" aria-hidden=\"true\" class=\"wp-block-spacer\"><\/div>\n\n\n<div class=\"wp-block-image\">\n<figure class=\"aligncenter size-full\"><img data-recalc-dims=\"1\" loading=\"lazy\" decoding=\"async\" width=\"740\" height=\"740\" src=\"https:\/\/i0.wp.com\/aacrimesc.org.br\/wp-content\/uploads\/2024\/08\/dra-ana-paula-trento.jpeg?resize=740%2C740&#038;ssl=1\" alt=\"\" class=\"wp-image-12742\" srcset=\"https:\/\/i0.wp.com\/aacrimesc.org.br\/wp-content\/uploads\/2024\/08\/dra-ana-paula-trento.jpeg?w=740&amp;ssl=1 740w, https:\/\/i0.wp.com\/aacrimesc.org.br\/wp-content\/uploads\/2024\/08\/dra-ana-paula-trento.jpeg?resize=300%2C300&amp;ssl=1 300w, https:\/\/i0.wp.com\/aacrimesc.org.br\/wp-content\/uploads\/2024\/08\/dra-ana-paula-trento.jpeg?resize=150%2C150&amp;ssl=1 150w, https:\/\/i0.wp.com\/aacrimesc.org.br\/wp-content\/uploads\/2024\/08\/dra-ana-paula-trento.jpeg?resize=600%2C600&amp;ssl=1 600w, https:\/\/i0.wp.com\/aacrimesc.org.br\/wp-content\/uploads\/2024\/08\/dra-ana-paula-trento.jpeg?resize=75%2C75&amp;ssl=1 75w, https:\/\/i0.wp.com\/aacrimesc.org.br\/wp-content\/uploads\/2024\/08\/dra-ana-paula-trento.jpeg?resize=361%2C361&amp;ssl=1 361w, https:\/\/i0.wp.com\/aacrimesc.org.br\/wp-content\/uploads\/2024\/08\/dra-ana-paula-trento.jpeg?resize=480%2C480&amp;ssl=1 480w\" sizes=\"(max-width:767px) 480px, 740px\" \/><\/figure>\n<\/div>\n\n\n<div style=\"height:25px\" aria-hidden=\"true\" class=\"wp-block-spacer\"><\/div>\n\n\n\n<p class=\"wp-block-paragraph\">Criminalista, pesquisadora e professora Ana Paula Trento \u00e9 mais um nome confirmado XVI Simp\u00f3sio da Aacrimesc e II Encontro Estadual da Abracrim-SC, dias 12 e 13 de setembro, em Florian\u00f3polis.<\/p>\n\n\n\n<p class=\"wp-block-paragraph\">Especialista em Direito Processual Penal, em Direito P\u00fablico e em Direito Eleitoral, Ana Paula Trento \u00e9 pesquisadora em Criminologia pela Universidade Federal do Rio Grande do Norte (UFRN) e professora de Processo Penal no Instituto de Estudos Jur\u00eddicos.<\/p>\n\n\n\n<p class=\"wp-block-paragraph\">Secret\u00e1ria-geral da Associa\u00e7\u00e3o Brasileira dos Advogados Criminalistas (Abracrim), presidente nacional da Abracrim Mulher, assessora parlamentar no Senado Federal e auditora no Tribunal de Justi\u00e7a Desportiva do Estado do Rio Grande do Norte, \u00e9 fundadora do Projeto Clara Camar\u00e3o &#8211; Combate \u00e0 viol\u00eancia contra a Mulher.<\/p>\n\n\n\n<div style=\"height:80px\" aria-hidden=\"true\" class=\"wp-block-spacer\"><\/div>\n\n\n<div class=\"wp-block-image\">\n<figure class=\"aligncenter size-full\"><img data-recalc-dims=\"1\" loading=\"lazy\" decoding=\"async\" width=\"740\" height=\"740\" src=\"https:\/\/i0.wp.com\/aacrimesc.org.br\/wp-content\/uploads\/2024\/08\/dr-leoberto-baggio-caon.jpeg?resize=740%2C740&#038;ssl=1\" alt=\"\" class=\"wp-image-12740\" srcset=\"https:\/\/i0.wp.com\/aacrimesc.org.br\/wp-content\/uploads\/2024\/08\/dr-leoberto-baggio-caon.jpeg?w=740&amp;ssl=1 740w, https:\/\/i0.wp.com\/aacrimesc.org.br\/wp-content\/uploads\/2024\/08\/dr-leoberto-baggio-caon.jpeg?resize=300%2C300&amp;ssl=1 300w, https:\/\/i0.wp.com\/aacrimesc.org.br\/wp-content\/uploads\/2024\/08\/dr-leoberto-baggio-caon.jpeg?resize=150%2C150&amp;ssl=1 150w, https:\/\/i0.wp.com\/aacrimesc.org.br\/wp-content\/uploads\/2024\/08\/dr-leoberto-baggio-caon.jpeg?resize=600%2C600&amp;ssl=1 600w, https:\/\/i0.wp.com\/aacrimesc.org.br\/wp-content\/uploads\/2024\/08\/dr-leoberto-baggio-caon.jpeg?resize=75%2C75&amp;ssl=1 75w, https:\/\/i0.wp.com\/aacrimesc.org.br\/wp-content\/uploads\/2024\/08\/dr-leoberto-baggio-caon.jpeg?resize=361%2C361&amp;ssl=1 361w, https:\/\/i0.wp.com\/aacrimesc.org.br\/wp-content\/uploads\/2024\/08\/dr-leoberto-baggio-caon.jpeg?resize=480%2C480&amp;ssl=1 480w\" sizes=\"(max-width:767px) 480px, 740px\" \/><\/figure>\n<\/div>\n\n\n<div style=\"height:25px\" aria-hidden=\"true\" class=\"wp-block-spacer\"><\/div>\n\n\n\n<p class=\"wp-block-paragraph\">Fundador e primeiro presidente da Aacrimesc, Leoberto Baggio Caon, \u00e9 mais um expoente confirmado no XVI Simp\u00f3sio da Aacrimesc e II Encontro Estadual da Abracrim-SC, dias 12 e 13 de setembro, no audit\u00f3rio da Justi\u00e7a Federal, em Florian\u00f3polis.<\/p>\n\n\n\n<p class=\"wp-block-paragraph\">Decano da advocacia criminal catarinense, o doutor Leoberto Caon \u00e9 conselheiro estadual e federal da Seccional Catarinense da OAB e, entre outras, coautor das obras \u201cAdvogados Processados\u201d, \u201cDireito Aplicado\u201d e \u201cHabeas Corpus\u201d. Sempre escreve artigos forenses ao longo do exerc\u00edcio profissional. Participou como representante da OAB em concursos da magistratura.<\/p>\n\n\n\n<p class=\"wp-block-paragraph\">Participou da funda\u00e7\u00e3o da Aacrimesc em 1982 e ajudou a promover na \u00e9poca uma s\u00e9rie de debates, quase todos sobre viola\u00e7\u00f5es de direitos e prerrogativas dos profissionais. Passou a representar a Associa\u00e7\u00e3o junto ao Conselho Estadual da OAB.<\/p>\n\n\n\n<div style=\"height:80px\" aria-hidden=\"true\" class=\"wp-block-spacer\"><\/div>\n\n\n<div class=\"wp-block-image\">\n<figure class=\"aligncenter size-full\"><img data-recalc-dims=\"1\" loading=\"lazy\" decoding=\"async\" width=\"740\" height=\"740\" src=\"https:\/\/i0.wp.com\/aacrimesc.org.br\/wp-content\/uploads\/2024\/08\/dr-jhonatan-morais-barbosa.jpeg?resize=740%2C740&#038;ssl=1\" alt=\"\" class=\"wp-image-12737\" srcset=\"https:\/\/i0.wp.com\/aacrimesc.org.br\/wp-content\/uploads\/2024\/08\/dr-jhonatan-morais-barbosa.jpeg?w=740&amp;ssl=1 740w, https:\/\/i0.wp.com\/aacrimesc.org.br\/wp-content\/uploads\/2024\/08\/dr-jhonatan-morais-barbosa.jpeg?resize=300%2C300&amp;ssl=1 300w, https:\/\/i0.wp.com\/aacrimesc.org.br\/wp-content\/uploads\/2024\/08\/dr-jhonatan-morais-barbosa.jpeg?resize=150%2C150&amp;ssl=1 150w, https:\/\/i0.wp.com\/aacrimesc.org.br\/wp-content\/uploads\/2024\/08\/dr-jhonatan-morais-barbosa.jpeg?resize=600%2C600&amp;ssl=1 600w, https:\/\/i0.wp.com\/aacrimesc.org.br\/wp-content\/uploads\/2024\/08\/dr-jhonatan-morais-barbosa.jpeg?resize=75%2C75&amp;ssl=1 75w, https:\/\/i0.wp.com\/aacrimesc.org.br\/wp-content\/uploads\/2024\/08\/dr-jhonatan-morais-barbosa.jpeg?resize=361%2C361&amp;ssl=1 361w, https:\/\/i0.wp.com\/aacrimesc.org.br\/wp-content\/uploads\/2024\/08\/dr-jhonatan-morais-barbosa.jpeg?resize=480%2C480&amp;ssl=1 480w\" sizes=\"(max-width:767px) 480px, 740px\" \/><\/figure>\n<\/div>\n\n\n<div style=\"height:25px\" aria-hidden=\"true\" class=\"wp-block-spacer\"><\/div>\n\n\n\n<p class=\"wp-block-paragraph\">Jhonatan Morais Barbosa \u00e9 mais um nome garantido no time de palestrantes do XVI Simp\u00f3sio da Aacrimesc e do II Encontro Estadual da Abracrim-SC, que ocorrer\u00e3o dias 12 e 13 de setembro, em Florian\u00f3polis.<\/p>\n\n\n\n<p class=\"wp-block-paragraph\">Criminalista inscrito na OAB-SC sob o n\u00ba 57.770, Jhonatan Morais Barbosa \u00e9 especialista em Direto Penal e Processo Penal pela Escola Brasileira de Direito (Ebradi) e especialista em Processo e Recursos nos Tribunais Superiores pelo IDP-Bras\u00edlia.<\/p>\n\n\n\n<p class=\"wp-block-paragraph\">Secret\u00e1rio adjunto da Aacrimesc, presidente da Comiss\u00e3o de Direito Penal e Processo Penal da OAB de S\u00e3o Jos\u00e9\/SC e membro da Abracrim, \u00e9 professor inscrito nos quadros da Escola Superior da Advocacia (ESA\/SC), foi professor do curso de p\u00f3s-gradua\u00e7\u00e3o da Faculdade Univinte 2024\/1 e tem artigos jur\u00eddicos publicados no Conjur e no Emp\u00f3rio do Direito.<\/p>\n\n\n\n<p class=\"wp-block-paragraph\">N\u00e3o perca a palestra do Jhonatan Morais Barbosa e garanta agora a sua presen\u00e7a no XVI Simp\u00f3sio da Aacrimesc e II Encontro Estadual da Abracrim-SC<\/p>\n\n\n\n<div style=\"height:80px\" aria-hidden=\"true\" class=\"wp-block-spacer\"><\/div>\n\n\n<div class=\"wp-block-image\">\n<figure class=\"aligncenter size-full\"><img data-recalc-dims=\"1\" loading=\"lazy\" decoding=\"async\" width=\"740\" height=\"740\" src=\"https:\/\/i0.wp.com\/aacrimesc.org.br\/wp-content\/uploads\/2024\/08\/dr-joao-dal-magro-jr.jpeg?resize=740%2C740&#038;ssl=1\" alt=\"\" class=\"wp-image-12738\" srcset=\"https:\/\/i0.wp.com\/aacrimesc.org.br\/wp-content\/uploads\/2024\/08\/dr-joao-dal-magro-jr.jpeg?w=740&amp;ssl=1 740w, https:\/\/i0.wp.com\/aacrimesc.org.br\/wp-content\/uploads\/2024\/08\/dr-joao-dal-magro-jr.jpeg?resize=300%2C300&amp;ssl=1 300w, https:\/\/i0.wp.com\/aacrimesc.org.br\/wp-content\/uploads\/2024\/08\/dr-joao-dal-magro-jr.jpeg?resize=150%2C150&amp;ssl=1 150w, https:\/\/i0.wp.com\/aacrimesc.org.br\/wp-content\/uploads\/2024\/08\/dr-joao-dal-magro-jr.jpeg?resize=600%2C600&amp;ssl=1 600w, https:\/\/i0.wp.com\/aacrimesc.org.br\/wp-content\/uploads\/2024\/08\/dr-joao-dal-magro-jr.jpeg?resize=75%2C75&amp;ssl=1 75w, https:\/\/i0.wp.com\/aacrimesc.org.br\/wp-content\/uploads\/2024\/08\/dr-joao-dal-magro-jr.jpeg?resize=361%2C361&amp;ssl=1 361w, https:\/\/i0.wp.com\/aacrimesc.org.br\/wp-content\/uploads\/2024\/08\/dr-joao-dal-magro-jr.jpeg?resize=480%2C480&amp;ssl=1 480w\" sizes=\"(max-width:767px) 480px, 740px\" \/><\/figure>\n<\/div>\n\n\n<div style=\"height:25px\" aria-hidden=\"true\" class=\"wp-block-spacer\"><\/div>\n\n\n\n<p class=\"wp-block-paragraph\">O doutor Jo\u00e3o Carlos Dalmagro Junior \u00e9 mais um palestrante definido na programa\u00e7\u00e3o do 16\u00ba Simp\u00f3sio da Aacrimesc e 2\u00ba Encontro Estadual da Abracrim-SC, em Florian\u00f3polis.<\/p>\n\n\n\n<p class=\"wp-block-paragraph\">Criminalista formado pela PUC-RS, Dalmagro \u00e9 p\u00f3s-graduado em Processo Civil e Novos Direitos pela Universidade do Oeste de Santa Catarina (Unoesc), especialista em Compliance pelo Instituto de Direito Penal Econ\u00f4mico e Europeu da Faculdade de Direito da Universidade de Coimbra, em parceria com o Instituto Brasileiro de Ci\u00eancias Criminais (Ibccrim) e o Instituto dos Advogados de S\u00e3o Paulo (Iasp), e mestrando em Ci\u00eancias Criminais pela PUC-RS.<\/p>\n\n\n\n<p class=\"wp-block-paragraph\">Ex-professor de Direito Penal, Direito Processual Constitucional e Direito Constitucional do Curso de Gradua\u00e7\u00e3o em Direito da Unoesc e ex-conselheiro do Tribunal de \u00c9tica e Disciplina da OAB\/SC, \u00e9 coordenador regional da Escola Superior da Advocacia no Extremo-Oeste de Santa Catarina, membro da Comiss\u00e3o Nacional de Defesa da Rep\u00fablica e da Democracia do Conselho Federal da Ordem dos Advogados do Brasil.<\/p>\n\n\n\n<div style=\"height:80px\" aria-hidden=\"true\" class=\"wp-block-spacer\"><\/div>\n\n\n<div class=\"wp-block-image\">\n<figure class=\"aligncenter size-full\"><img data-recalc-dims=\"1\" loading=\"lazy\" decoding=\"async\" width=\"740\" height=\"740\" src=\"https:\/\/i0.wp.com\/aacrimesc.org.br\/wp-content\/uploads\/2024\/08\/dr-giovane-medeiros.jpeg?resize=740%2C740&#038;ssl=1\" alt=\"\" class=\"wp-image-12736\" srcset=\"https:\/\/i0.wp.com\/aacrimesc.org.br\/wp-content\/uploads\/2024\/08\/dr-giovane-medeiros.jpeg?w=740&amp;ssl=1 740w, https:\/\/i0.wp.com\/aacrimesc.org.br\/wp-content\/uploads\/2024\/08\/dr-giovane-medeiros.jpeg?resize=300%2C300&amp;ssl=1 300w, https:\/\/i0.wp.com\/aacrimesc.org.br\/wp-content\/uploads\/2024\/08\/dr-giovane-medeiros.jpeg?resize=150%2C150&amp;ssl=1 150w, https:\/\/i0.wp.com\/aacrimesc.org.br\/wp-content\/uploads\/2024\/08\/dr-giovane-medeiros.jpeg?resize=600%2C600&amp;ssl=1 600w, https:\/\/i0.wp.com\/aacrimesc.org.br\/wp-content\/uploads\/2024\/08\/dr-giovane-medeiros.jpeg?resize=75%2C75&amp;ssl=1 75w, https:\/\/i0.wp.com\/aacrimesc.org.br\/wp-content\/uploads\/2024\/08\/dr-giovane-medeiros.jpeg?resize=361%2C361&amp;ssl=1 361w, https:\/\/i0.wp.com\/aacrimesc.org.br\/wp-content\/uploads\/2024\/08\/dr-giovane-medeiros.jpeg?resize=480%2C480&amp;ssl=1 480w\" sizes=\"(max-width:767px) 480px, 740px\" \/><\/figure>\n<\/div>\n\n\n<div style=\"height:25px\" aria-hidden=\"true\" class=\"wp-block-spacer\"><\/div>\n\n\n\n<p class=\"wp-block-paragraph\">Advogado criminalista e professor Giovane Medeiros tamb\u00e9m est\u00e1 confirmado no 16\u00ba Simp\u00f3sio da Aacrimesc e 2\u00ba Encontro Estadual da Abracrim-SC, marcados para os dias 12 e 13 de setembro, em Florian\u00f3polis.<\/p>\n\n\n\n<p class=\"wp-block-paragraph\">Docente da Universidade para o Desenvolvimento do Alto Vale do Itaja\u00ed (Unidavi), de Rio do Sul e procurador jur\u00eddico da Apae do munic\u00edpio de Ituporanga desde 2020, Medeiros \u00e9 mestrando em Direitos Humanos pela Universidade Regional do Noroeste do Estado do Rio Grande do Sul (Uniju\u00ed) com bolsa da Coordena\u00e7\u00e3o de Aperfei\u00e7oamento de Pessoal de N\u00edvel Superior (Capes).<\/p>\n\n\n\n<p class=\"wp-block-paragraph\">Membro suplente do Conselho da Comunidade na Execu\u00e7\u00e3o Penal de Rio do Sul\/SC representando a Aacrimesc e associado no Instituto Nacional de Pesquisa e Promo\u00e7\u00e3o de Direitos Humanos (INPPDH) e no Instituto Brasileiro de Ci\u00eancias Criminais (Ibccrim), Giovane Medeiros preside a Comiss\u00e3o de Direitos Humanos e Cidadania da OAB\/SC na Subse\u00e7\u00e3o de Rio do Sul e a Comiss\u00e3o de Direitos Humanos e Combate \u00e0 Tortura da Aacrimesc.<\/p>\n\n\n\n<div style=\"height:80px\" aria-hidden=\"true\" class=\"wp-block-spacer\"><\/div>\n\n\n<div class=\"wp-block-image\">\n<figure class=\"aligncenter size-full\"><img data-recalc-dims=\"1\" loading=\"lazy\" decoding=\"async\" width=\"740\" height=\"740\" src=\"https:\/\/i0.wp.com\/aacrimesc.org.br\/wp-content\/uploads\/2024\/08\/dra-danyelle-galvao.jpeg?resize=740%2C740&#038;ssl=1\" alt=\"\" class=\"wp-image-12743\" srcset=\"https:\/\/i0.wp.com\/aacrimesc.org.br\/wp-content\/uploads\/2024\/08\/dra-danyelle-galvao.jpeg?w=740&amp;ssl=1 740w, https:\/\/i0.wp.com\/aacrimesc.org.br\/wp-content\/uploads\/2024\/08\/dra-danyelle-galvao.jpeg?resize=300%2C300&amp;ssl=1 300w, https:\/\/i0.wp.com\/aacrimesc.org.br\/wp-content\/uploads\/2024\/08\/dra-danyelle-galvao.jpeg?resize=150%2C150&amp;ssl=1 150w, https:\/\/i0.wp.com\/aacrimesc.org.br\/wp-content\/uploads\/2024\/08\/dra-danyelle-galvao.jpeg?resize=600%2C600&amp;ssl=1 600w, https:\/\/i0.wp.com\/aacrimesc.org.br\/wp-content\/uploads\/2024\/08\/dra-danyelle-galvao.jpeg?resize=75%2C75&amp;ssl=1 75w, https:\/\/i0.wp.com\/aacrimesc.org.br\/wp-content\/uploads\/2024\/08\/dra-danyelle-galvao.jpeg?resize=361%2C361&amp;ssl=1 361w, https:\/\/i0.wp.com\/aacrimesc.org.br\/wp-content\/uploads\/2024\/08\/dra-danyelle-galvao.jpeg?resize=480%2C480&amp;ssl=1 480w\" sizes=\"(max-width:767px) 480px, 740px\" \/><\/figure>\n<\/div>\n\n\n<div style=\"height:25px\" aria-hidden=\"true\" class=\"wp-block-spacer\"><\/div>\n\n\n\n<p class=\"wp-block-paragraph\">Natural de Joinville, Danyelle Galv\u00e3o \u00e9 ju\u00edza substituta do TRE-SP e mais um nome confirmado dias 12 e 13 setembro no XVI Simp\u00f3sio da Aacrimesc e II Encontro Estadual da Abracrim-SC.<\/p>\n\n\n\n<p class=\"wp-block-paragraph\">Formada pela Pontif\u00edcia Universidade Cat\u00f3lica do Paran\u00e1 (PUC-PR), mestre e doutora em Direito Processual pela Faculdade de Direito da Universidade de S\u00e3o Paulo (USP), \u00e9 advogada desde 2006.<\/p>\n\n\n\n<p class=\"wp-block-paragraph\">Conselheira da OAB-SP na gest\u00e3o 2019-2021 e presidente da Comiss\u00e3o de Litig\u00e2ncia Estrat\u00e9gica da OAB-SP na gest\u00e3o 2022 \u2013 2024, Danyelle Galv\u00e3o integra o Instituto Brasileiro de Direito Eleitoral (Ibrade), o Instituto Paranaense de Direito Eleitoral (Ipreade) e a Academia Brasileira de Direito Eleitoral e Pol\u00edtico (Abradep).<\/p>\n\n\n\n<p class=\"wp-block-paragraph\">Autora dos livros \u201cInterrogat\u00f3rio por videoconfer\u00eancia\u201d, \u201cPrecedentes judiciais no processo penal\u201d e organizadora da colet\u00e2nea de artigos \u201cPrecedentes judiciais no processo penal\u201d, doutora Danyelle \u00e9 docente da p\u00f3s-gradua\u00e7\u00e3o de Direito Eleitoral, LLM de Direito Penal Econ\u00f4mico e mestrado profissional do Instituto Brasil.<\/p>\n\n\n\n<div style=\"height:80px\" aria-hidden=\"true\" class=\"wp-block-spacer\"><\/div>\n\n\n<div class=\"wp-block-image\">\n<figure class=\"aligncenter size-full\"><img data-recalc-dims=\"1\" loading=\"lazy\" decoding=\"async\" width=\"740\" height=\"740\" src=\"https:\/\/i0.wp.com\/aacrimesc.org.br\/wp-content\/uploads\/2024\/08\/dr-felipe-hayashi.jpeg?resize=740%2C740&#038;ssl=1\" alt=\"\" class=\"wp-image-12735\" srcset=\"https:\/\/i0.wp.com\/aacrimesc.org.br\/wp-content\/uploads\/2024\/08\/dr-felipe-hayashi.jpeg?w=740&amp;ssl=1 740w, https:\/\/i0.wp.com\/aacrimesc.org.br\/wp-content\/uploads\/2024\/08\/dr-felipe-hayashi.jpeg?resize=300%2C300&amp;ssl=1 300w, https:\/\/i0.wp.com\/aacrimesc.org.br\/wp-content\/uploads\/2024\/08\/dr-felipe-hayashi.jpeg?resize=150%2C150&amp;ssl=1 150w, https:\/\/i0.wp.com\/aacrimesc.org.br\/wp-content\/uploads\/2024\/08\/dr-felipe-hayashi.jpeg?resize=600%2C600&amp;ssl=1 600w, https:\/\/i0.wp.com\/aacrimesc.org.br\/wp-content\/uploads\/2024\/08\/dr-felipe-hayashi.jpeg?resize=75%2C75&amp;ssl=1 75w, https:\/\/i0.wp.com\/aacrimesc.org.br\/wp-content\/uploads\/2024\/08\/dr-felipe-hayashi.jpeg?resize=361%2C361&amp;ssl=1 361w, https:\/\/i0.wp.com\/aacrimesc.org.br\/wp-content\/uploads\/2024\/08\/dr-felipe-hayashi.jpeg?resize=480%2C480&amp;ssl=1 480w\" sizes=\"(max-width:767px) 480px, 740px\" \/><\/figure>\n<\/div>\n\n\n<div style=\"height:25px\" aria-hidden=\"true\" class=\"wp-block-spacer\"><\/div>\n\n\n\n<p class=\"wp-block-paragraph\">O delegado da Pol\u00edcia Federal Felipe Hayashi \u00e9 mais um palestrante confirmado no XVI Simp\u00f3sio da Aacrimesc e II Encontro Estadual da Abracrim-SC, que ocorrer\u00e3o dias 12 e 13 de setembro, em Florian\u00f3polis.<\/p>\n\n\n\n<p class=\"wp-block-paragraph\">Graduado em Direito pela Universidade Federal de Santa Catarina (UFSC), o convidado \u00e9 professor e coordenador da p\u00f3s-gradua\u00e7\u00e3o em Compliance Financeiro da DataVirtus\/Faculdade FaCi\u00eancia e professor de Criminal Compliance e \u00c9tica Empresarial da FAE Business School.<\/p>\n\n\n\n<p class=\"wp-block-paragraph\">Mestre em Direito Econ\u00f4mico e Socioambiental pela PUC\/PR e autor do livro \u201cCorrup\u00e7\u00e3o: Combate Transnacional, Compliance e Investiga\u00e7\u00e3o Criminal\u2019, Felipe Hayashi foi chefe da Delegacia de Repress\u00e3o \u00e0 Corrup\u00e7\u00e3o e Crimes Financeiros no Paran\u00e1 e diretor do Departamento de Justi\u00e7a da Secretaria de Estado da Justi\u00e7a, Fam\u00edlia e Trabalho (Sejuf) do Paran\u00e1.<\/p>\n\n\n\n<div style=\"height:80px\" aria-hidden=\"true\" class=\"wp-block-spacer\"><\/div>\n\n\n<div class=\"wp-block-image\">\n<figure class=\"aligncenter size-full\"><img data-recalc-dims=\"1\" loading=\"lazy\" decoding=\"async\" width=\"740\" height=\"740\" src=\"https:\/\/i0.wp.com\/aacrimesc.org.br\/wp-content\/uploads\/2024\/08\/dra-micheli-polippo.jpeg?resize=740%2C740&#038;ssl=1\" alt=\"\" class=\"wp-image-12744\" srcset=\"https:\/\/i0.wp.com\/aacrimesc.org.br\/wp-content\/uploads\/2024\/08\/dra-micheli-polippo.jpeg?w=740&amp;ssl=1 740w, https:\/\/i0.wp.com\/aacrimesc.org.br\/wp-content\/uploads\/2024\/08\/dra-micheli-polippo.jpeg?resize=300%2C300&amp;ssl=1 300w, https:\/\/i0.wp.com\/aacrimesc.org.br\/wp-content\/uploads\/2024\/08\/dra-micheli-polippo.jpeg?resize=150%2C150&amp;ssl=1 150w, https:\/\/i0.wp.com\/aacrimesc.org.br\/wp-content\/uploads\/2024\/08\/dra-micheli-polippo.jpeg?resize=600%2C600&amp;ssl=1 600w, https:\/\/i0.wp.com\/aacrimesc.org.br\/wp-content\/uploads\/2024\/08\/dra-micheli-polippo.jpeg?resize=75%2C75&amp;ssl=1 75w, https:\/\/i0.wp.com\/aacrimesc.org.br\/wp-content\/uploads\/2024\/08\/dra-micheli-polippo.jpeg?resize=361%2C361&amp;ssl=1 361w, https:\/\/i0.wp.com\/aacrimesc.org.br\/wp-content\/uploads\/2024\/08\/dra-micheli-polippo.jpeg?resize=480%2C480&amp;ssl=1 480w\" sizes=\"(max-width:767px) 480px, 740px\" \/><\/figure>\n<\/div>\n\n\n<div style=\"height:25px\" aria-hidden=\"true\" class=\"wp-block-spacer\"><\/div>\n\n\n\n<p class=\"wp-block-paragraph\">A doutora Micheli Polippo est\u00e1 confirmada como uma das palestrantes do XVI Simp\u00f3sio da Aacrimesc e II Encontro Estadual da Abracrim-SC, dias 12 e 13 de setembro, em Florian\u00f3polis.<\/p>\n\n\n\n<p class=\"wp-block-paragraph\">Micheli Polippo \u00e9 professora da Escola Superior da Magistratura Federal de Santa Catarina e da Escola da Associa\u00e7\u00e3o dos Magistrados do Trabalho (Amatra), al\u00e9m de coordenadora regional adjunta do Centro Judici\u00e1rio de Solu\u00e7\u00e3o de Conflitos e Cidadania (Cejuscon) e da Central de Per\u00edcias e Concilia\u00e7\u00e3o (CPCon), em Florian\u00f3polis, junto \u00e0 Se\u00e7\u00e3o Judici\u00e1ria da Justi\u00e7a Federal de Santa Catarina.<\/p>\n\n\n\n<p class=\"wp-block-paragraph\">Possui especializa\u00e7\u00e3o em Direito Previdenci\u00e1rio pela Escola Superior da Magistratura Federal (Esmafe-RS) e mestrado em Ci\u00eancia Jur\u00eddica pela Universidade do Vale do Itaja\u00ed (Univali). Com forma\u00e7\u00e3o em Direito Sist\u00eamico, \u00e9 criadora do Programa Prosperidade e pioneira na aplica\u00e7\u00e3o das Constela\u00e7\u00f5es Familiares aos jurisdicionados da Justi\u00e7a Federal de Florian\u00f3polis. Tamb\u00e9m \u00e9 integrante do Conselho Editorial da Revista Jur\u00eddica da Associa\u00e7\u00e3o dos Ju\u00edzes<\/p>\n\n\n\n<div style=\"height:80px\" aria-hidden=\"true\" class=\"wp-block-spacer\"><\/div>\n\n\n<div class=\"wp-block-image\">\n<figure class=\"aligncenter size-full\"><img data-recalc-dims=\"1\" loading=\"lazy\" decoding=\"async\" width=\"740\" height=\"740\" src=\"https:\/\/i0.wp.com\/aacrimesc.org.br\/wp-content\/uploads\/2024\/08\/dr-alexandre-cordeiro.jpeg?resize=740%2C740&#038;ssl=1\" alt=\"\" class=\"wp-image-12732\" srcset=\"https:\/\/i0.wp.com\/aacrimesc.org.br\/wp-content\/uploads\/2024\/08\/dr-alexandre-cordeiro.jpeg?w=740&amp;ssl=1 740w, https:\/\/i0.wp.com\/aacrimesc.org.br\/wp-content\/uploads\/2024\/08\/dr-alexandre-cordeiro.jpeg?resize=300%2C300&amp;ssl=1 300w, https:\/\/i0.wp.com\/aacrimesc.org.br\/wp-content\/uploads\/2024\/08\/dr-alexandre-cordeiro.jpeg?resize=150%2C150&amp;ssl=1 150w, https:\/\/i0.wp.com\/aacrimesc.org.br\/wp-content\/uploads\/2024\/08\/dr-alexandre-cordeiro.jpeg?resize=600%2C600&amp;ssl=1 600w, https:\/\/i0.wp.com\/aacrimesc.org.br\/wp-content\/uploads\/2024\/08\/dr-alexandre-cordeiro.jpeg?resize=75%2C75&amp;ssl=1 75w, https:\/\/i0.wp.com\/aacrimesc.org.br\/wp-content\/uploads\/2024\/08\/dr-alexandre-cordeiro.jpeg?resize=361%2C361&amp;ssl=1 361w, https:\/\/i0.wp.com\/aacrimesc.org.br\/wp-content\/uploads\/2024\/08\/dr-alexandre-cordeiro.jpeg?resize=480%2C480&amp;ssl=1 480w\" sizes=\"(max-width:767px) 480px, 740px\" \/><\/figure>\n<\/div>\n\n\n<div style=\"height:25px\" aria-hidden=\"true\" class=\"wp-block-spacer\"><\/div>\n\n\n\n<p class=\"wp-block-paragraph\">O jovem criminalista Alexandre Cordeiro \u00e9 mais um palestrante confirmado no XVI Simp\u00f3sio da Aacrimesc e II Encontro Estadual da Abracrim-SC, dias 12 e 13 de setembro, em Florian\u00f3polis.<\/p>\n\n\n\n<p class=\"wp-block-paragraph\">P\u00f3s-graduando em Direito Penal e Controle Social, Alexandre Cordeiro \u00e9 o atual presidente da Abracrim Jovem no Distrito Federal.<\/p>\n\n\n\n<p class=\"wp-block-paragraph\">Tem como lema de atua\u00e7\u00e3o que somente se realiza a Justi\u00e7a por meios justos, sempre com respeito ao processo legal.<\/p>\n\n\n\n<div style=\"height:80px\" aria-hidden=\"true\" class=\"wp-block-spacer\"><\/div>\n\n\n<div class=\"wp-block-image\">\n<figure class=\"aligncenter size-full\"><img data-recalc-dims=\"1\" loading=\"lazy\" decoding=\"async\" width=\"740\" height=\"740\" src=\"https:\/\/i0.wp.com\/aacrimesc.org.br\/wp-content\/uploads\/2024\/08\/dr-victor-henrique-martins-gomes.jpeg?resize=740%2C740&#038;ssl=1\" alt=\"\" class=\"wp-image-12741\" srcset=\"https:\/\/i0.wp.com\/aacrimesc.org.br\/wp-content\/uploads\/2024\/08\/dr-victor-henrique-martins-gomes.jpeg?w=740&amp;ssl=1 740w, https:\/\/i0.wp.com\/aacrimesc.org.br\/wp-content\/uploads\/2024\/08\/dr-victor-henrique-martins-gomes.jpeg?resize=300%2C300&amp;ssl=1 300w, https:\/\/i0.wp.com\/aacrimesc.org.br\/wp-content\/uploads\/2024\/08\/dr-victor-henrique-martins-gomes.jpeg?resize=150%2C150&amp;ssl=1 150w, https:\/\/i0.wp.com\/aacrimesc.org.br\/wp-content\/uploads\/2024\/08\/dr-victor-henrique-martins-gomes.jpeg?resize=600%2C600&amp;ssl=1 600w, https:\/\/i0.wp.com\/aacrimesc.org.br\/wp-content\/uploads\/2024\/08\/dr-victor-henrique-martins-gomes.jpeg?resize=75%2C75&amp;ssl=1 75w, https:\/\/i0.wp.com\/aacrimesc.org.br\/wp-content\/uploads\/2024\/08\/dr-victor-henrique-martins-gomes.jpeg?resize=361%2C361&amp;ssl=1 361w, https:\/\/i0.wp.com\/aacrimesc.org.br\/wp-content\/uploads\/2024\/08\/dr-victor-henrique-martins-gomes.jpeg?resize=480%2C480&amp;ssl=1 480w\" sizes=\"(max-width:767px) 480px, 740px\" \/><\/figure>\n<\/div>\n\n\n<div style=\"height:25px\" aria-hidden=\"true\" class=\"wp-block-spacer\"><\/div>\n\n\n\n<p class=\"wp-block-paragraph\">Dr Victor Henrique Martins Gomes, como palestrante!<\/p>\n\n\n\n<p class=\"wp-block-paragraph\">Dr Victor \u00e9 advogado, Head de Compliance de Ativos Digitais e Blockchain no Santander Brasil. Se dedica h\u00e1 mais de 7 anos a estudar o tema de criptomoedas, sendo respons\u00e1vel pela estrutura\u00e7\u00e3o jur\u00eddica e implementa\u00e7\u00e3o de um Programa de Compliance em uma das maiores corretoras de criptomoedas do Brasil onde atuou por 5 anos, com expertise principal nas iniciativas de PLD-FTP e rastreabilidade de criptomoedas em blockchain.<br>E estar\u00e1 falando sobre o assunto no XVI Simp\u00f3sio da AACRIMESC E II Encontro Estadual da ABRACRIMSC.<\/p>\n\n\n\n<div style=\"height:80px\" aria-hidden=\"true\" class=\"wp-block-spacer\"><\/div>\n\n\n<div class=\"wp-block-image\">\n<figure class=\"aligncenter size-full\"><img data-recalc-dims=\"1\" loading=\"lazy\" decoding=\"async\" width=\"740\" height=\"740\" src=\"https:\/\/i0.wp.com\/aacrimesc.org.br\/wp-content\/uploads\/2024\/08\/dr-antonio-marini.jpeg?resize=740%2C740&#038;ssl=1\" alt=\"\" class=\"wp-image-12734\" srcset=\"https:\/\/i0.wp.com\/aacrimesc.org.br\/wp-content\/uploads\/2024\/08\/dr-antonio-marini.jpeg?w=740&amp;ssl=1 740w, https:\/\/i0.wp.com\/aacrimesc.org.br\/wp-content\/uploads\/2024\/08\/dr-antonio-marini.jpeg?resize=300%2C300&amp;ssl=1 300w, https:\/\/i0.wp.com\/aacrimesc.org.br\/wp-content\/uploads\/2024\/08\/dr-antonio-marini.jpeg?resize=150%2C150&amp;ssl=1 150w, https:\/\/i0.wp.com\/aacrimesc.org.br\/wp-content\/uploads\/2024\/08\/dr-antonio-marini.jpeg?resize=600%2C600&amp;ssl=1 600w, https:\/\/i0.wp.com\/aacrimesc.org.br\/wp-content\/uploads\/2024\/08\/dr-antonio-marini.jpeg?resize=75%2C75&amp;ssl=1 75w, https:\/\/i0.wp.com\/aacrimesc.org.br\/wp-content\/uploads\/2024\/08\/dr-antonio-marini.jpeg?resize=361%2C361&amp;ssl=1 361w, https:\/\/i0.wp.com\/aacrimesc.org.br\/wp-content\/uploads\/2024\/08\/dr-antonio-marini.jpeg?resize=480%2C480&amp;ssl=1 480w\" sizes=\"(max-width:767px) 480px, 740px\" \/><\/figure>\n<\/div>\n\n\n<div style=\"height:25px\" aria-hidden=\"true\" class=\"wp-block-spacer\"><\/div>\n\n\n\n<p class=\"wp-block-paragraph\">Antonio Carlos Marini Garcia.<br>Doutor em Direito Internacional pela Universidad Autonoma de Asuncion<br>O PRINC\u00cdPIO DA DIGNIDADE DA PESSOA HUMANA E O DIREITO A SA\u00daDE: tratamento dispensado ao usu\u00e1rio de drogas no Brasil. Pol\u00edticas P\u00fablicas; Narcotr\u00e1fico; Usu\u00e1rio de Drogas; Direito a sa\u00fade.<br>Mestre em Engenharia de Produ\u00e7\u00e3o pela Universidade Federal de Santa Catarina &#8211; Intelig\u00eancia Artificial; Intelig\u00eancia Aplicada; Sistemas Especialistas; Direito; Intelig\u00eancia Artificial Aplicada Ao Direito.<br>Direito de Inform\u00e1tica. Setores de atividade: Outras Atividades de Presta\u00e7\u00e3o de Servi\u00e7os em Inform\u00e1tica.<\/p>\n\n\n\n<p class=\"wp-block-paragraph\">Graduado em Direito pela Universidade do Vale do Itaja\u00ed<\/p>\n\n\n\n<div style=\"height:70px\" aria-hidden=\"true\" class=\"wp-block-spacer\"><\/div>\n\n\n\n<div style=\"height:50px\" aria-hidden=\"true\" class=\"wp-block-spacer\"><\/div>\n\n\n\n<h3 class=\"wp-block-heading\"><strong>Programa\u00e7\u00e3o<\/strong><\/h3>\n\n\n\n<div style=\"height:10px\" aria-hidden=\"true\" class=\"wp-block-spacer\"><\/div>\n\n\n\n<h5 class=\"wp-block-heading\">Ajustando a frequ\u00eancia: A evolu\u00e7\u00e3o da Advocacia Criminal no S\u00e9culo 21<\/h5>\n\n\n\n<div style=\"height:10px\" aria-hidden=\"true\" class=\"wp-block-spacer\"><\/div>\n\n\n\n<h6 class=\"wp-block-heading\"><strong>12\/09\/2024 <\/strong><\/h6>\n\n\n\n<p class=\"wp-block-paragraph\"><strong>17H<\/strong> &#8211; CREDENCIAMENTO <\/p>\n\n\n\n<p class=\"wp-block-paragraph\"><strong>19H<\/strong> &#8211; ABERTURA CERIMONIAL E ENTREGA DAS MEDALHAS EVILASIO NERI CAON <\/p>\n\n\n\n<p class=\"wp-block-paragraph\"><strong>20:30<\/strong> &#8211; PALESTRA MAGNA DE ABERTURA COM O DR. SHEYNER (PRESIDENTE DA ABRACRIM NACIONAL) <\/p>\n\n\n\n<div style=\"height:15px\" aria-hidden=\"true\" class=\"wp-block-spacer\"><\/div>\n\n\n\n<h6 class=\"wp-block-heading\"><strong>13\/09\/2024 <\/strong><\/h6>\n\n\n\n<p class=\"wp-block-paragraph\"><strong>9H &#8211; MESA 1<\/strong> &#8211; Evolu\u00e7\u00e3o e Desafios da Advocacia Criminal \u201cAtua\u00e7\u00e3o, IA e Provas Digitais\u201d \u2013 Palestrantes Dr Leoberto Baggio Caon, Dr Ant\u00f4nio Marini e Dr Alexandre Cordeiro. <\/p>\n\n\n\n<p class=\"wp-block-paragraph\"><strong>10H &#8211; MESA 2 <\/strong>&#8211; &#8220;T\u00e9cnicas recursais em Tribunais Superiores e Precedentes no Processo Penal.&#8221; \u2013 Palestrantes Dr Jhonatan Moraes e Dr Jo\u00e3o Carlos Dalmagro <\/p>\n\n\n\n<p class=\"wp-block-paragraph\"><strong>11H &#8211; MESA 3<\/strong> &#8211; CRIMES ELEITORAIS \u2013 Palestrantes Dr \u2060Ant\u00f4nio Belarmino e Dra \u2060Danyelle Galv\u00e3o <\/p>\n\n\n\n<div style=\"height:15px\" aria-hidden=\"true\" class=\"wp-block-spacer\"><\/div>\n\n\n\n<h6 class=\"wp-block-heading\"><strong>INTERVALO ALMO\u00c7O<\/strong><\/h6>\n\n\n\n<div style=\"height:15px\" aria-hidden=\"true\" class=\"wp-block-spacer\"><\/div>\n\n\n\n<p class=\"wp-block-paragraph\"><strong>14H &#8211; MESA 4<\/strong> \u2013 \u201cEfetividade Defensiva e as Novas Tecnologias\u201d e \u201cO Poder da orat\u00f3ria e da Boa Comunica\u00e7\u00e3o no Tribunal do Juri\u201d &#8211; Palestrantes: Dra Ana Paula Trento e Dra \u2060Tati Borsa <\/p>\n\n\n\n<p class=\"wp-block-paragraph\"><strong>15H &#8211; MESA 5<\/strong> &#8211; Direitos Humanos Como Base3 na Aplica\u00e7\u00e3o da Pena e Ressocializa\u00e7\u00e3o &#8211; Palestrantes Dra Michele Polipoo Dra Fernanda Analu Marcolla Dr Giovane Medeiros <\/p>\n\n\n\n<p class=\"wp-block-paragraph\"><strong>16H MESA 6<\/strong> &#8211; Lavagem de Dinheiro e Criptomoedas \u2013 Palestrantes Dr Felipe Hayashi Dr Victor Martins Gomes Intervalo \u2013 lan\u00e7amento de obras dos associados <\/p>\n\n\n\n<p class=\"wp-block-paragraph\"><strong>18H &#8211; PALESTRA DE ENCERRAMENTO<\/strong> com Jose Eduardo Cardoso E DISCURSO de agradecimento da PRESIDENTE da AACRIMESC<\/p>\n\n\n\n<p class=\"wp-block-paragraph\"><\/p>\n","protected":false},"excerpt":{"rendered":"<p>Apresenta\u00e7\u00e3o dos Palestrantes e Programa\u00e7\u00e3o do Simp\u00f3sio \u00c9 com grande satisfa\u00e7\u00e3o que apresentamos os palestrantes do nosso simp\u00f3sio, cujas contribui\u00e7\u00f5es e expertise enriquecer\u00e3o os debates e<span class=\"excerpt-hellip\"> [\u2026]<\/span><\/p>\n","protected":false},"author":4,"featured_media":12768,"comment_status":"closed","ping_status":"closed","sticky":false,"template":"","format":"image","meta":{"_acf_changed":false,"footnotes":"","jetpack_post_was_ever_published":false},"categories":[5],"tags":[],"class_list":["post-12717","post","type-post","status-publish","format-image","has-post-thumbnail","hentry","category-simposios","post_format-post-format-image"],"acf":[],"jetpack_featured_media_url":"https:\/\/i0.wp.com\/aacrimesc.org.br\/wp-content\/uploads\/2024\/08\/banner-16-simposio-aacrimesc-1.jpg?fit=904%2C1280&ssl=1","_links":{"self":[{"href":"https:\/\/aacrimesc.org.br\/json\/wp\/v2\/posts\/12717","targetHints":{"allow":["GET"]}}],"collection":[{"href":"https:\/\/aacrimesc.org.br\/json\/wp\/v2\/posts"}],"about":[{"href":"https:\/\/aacrimesc.org.br\/json\/wp\/v2\/types\/post"}],"author":[{"embeddable":true,"href":"https:\/\/aacrimesc.org.br\/json\/wp\/v2\/users\/4"}],"replies":[{"embeddable":true,"href":"https:\/\/aacrimesc.org.br\/json\/wp\/v2\/comments?post=12717"}],"version-history":[{"count":28,"href":"https:\/\/aacrimesc.org.br\/json\/wp\/v2\/posts\/12717\/revisions"}],"predecessor-version":[{"id":12834,"href":"https:\/\/aacrimesc.org.br\/json\/wp\/v2\/posts\/12717\/revisions\/12834"}],"wp:featuredmedia":[{"embeddable":true,"href":"https:\/\/aacrimesc.org.br\/json\/wp\/v2\/media\/12768"}],"wp:attachment":[{"href":"https:\/\/aacrimesc.org.br\/json\/wp\/v2\/media?parent=12717"}],"wp:term":[{"taxonomy":"category","embeddable":true,"href":"https:\/\/aacrimesc.org.br\/json\/wp\/v2\/categories?post=12717"},{"taxonomy":"post_tag","embeddable":true,"href":"https:\/\/aacrimesc.org.br\/json\/wp\/v2\/tags?post=12717"}],"curies":[{"name":"wp","href":"https:\/\/api.w.org\/{rel}","templated":true}]}}