{"id":12926,"date":"2025-07-18T15:33:29","date_gmt":"2025-07-18T18:33:29","guid":{"rendered":"https:\/\/aacrimesc.org.br\/?p=12926"},"modified":"2025-09-26T11:28:20","modified_gmt":"2025-09-26T14:28:20","slug":"conquista-institucional-aacrimesc-em-defesa-da-advocacia-dativa-no-tribunal-do-juri-de-sao-jose-sc","status":"publish","type":"post","link":"https:\/\/aacrimesc.org.br\/conquista-institucional-aacrimesc-em-defesa-da-advocacia-dativa-no-tribunal-do-juri-de-sao-jose-sc\/","title":{"rendered":"CONQUISTA INSTITUCIONAL \u2013 AACRIMESC EM DEFESA DA ADVOCACIA DATIVA NO TRIBUNAL DO J\u00daRI DE S\u00c3O JOS\u00c9\/SC"},"content":{"rendered":"\n<p class=\"has-text-align-center has-medium-font-size\">\ud83c\udf89 CONQUISTA INSTITUCIONAL \u2013 AACRIMESC EM DEFESA DA ADVOCACIA DATIVA NO TRIBUNAL DO J\u00daRI DE S\u00c3O JOS\u00c9\/SC \u2696\ufe0f<\/p>\n\n\n\n<div style=\"height:35px\" aria-hidden=\"true\" class=\"wp-block-spacer\"><\/div>\n\n\n\n<p>\u00c9 com grande satisfa\u00e7\u00e3o que comunicamos a formaliza\u00e7\u00e3o do apoio da AACRIMESC \u00e0 atua\u00e7\u00e3o de advogados dativos no Tribunal do J\u00fari da Comarca de S\u00e3o Jos\u00e9\/SC.<\/p>\n\n\n\n<p>A proposta apresentada pela Presid\u00eancia da Associa\u00e7\u00e3o foi acolhida pelo Exmo. Juiz Dr. F\u00e1bio Nilo Bagatolli, que reconheceu oficialmente a possibilidade de colabora\u00e7\u00e3o volunt\u00e1ria e pro bono de advogados associados \u00e0 AACRIMESC nos plen\u00e1rios do J\u00fari, nos casos de nomea\u00e7\u00f5es dativas.<\/p>\n\n\n\n<p>\u2705 A atua\u00e7\u00e3o conjunta poder\u00e1 ocorrer sem qualquer \u00f4nus ao Estado, desde que:<\/p>\n\n\n\n<p>Haja anu\u00eancia do(a) advogado(a) dativo(a) nomeado(a);<\/p>\n\n\n\n<p>Sejam Associados da AACRIMESC<\/p>\n\n\n\n<p>A colabora\u00e7\u00e3o seja comunicada previamente \u00e0 Vara e \u00e0 AACRIMESC;<\/p>\n\n\n\n<p>O Ju\u00edzo possa, a seu crit\u00e9rio, registrar em ata a condi\u00e7\u00e3o dos advogados auxiliares como associados da AACRIMESC, em car\u00e1ter formativo e pro bono.<\/p>\n\n\n\n<p>Essa \u00e9 uma conquista significativa para o fortalecimento da defesa t\u00e9cnica no Tribunal do J\u00fari, garantindo qualidade, forma\u00e7\u00e3o pr\u00e1tica e valoriza\u00e7\u00e3o da advocacia criminal.<\/p>\n\n\n\n<p>Registramos nossos agradecimentos especiais ao Dr. Jo\u00e3o Moacir de Andrade, que intermediou o di\u00e1logo institucional e foi essencial para a viabiliza\u00e7\u00e3o desta importante conquista.<\/p>\n\n\n\n<p>Agradecemos tamb\u00e9m ao Ju\u00edzo da Comarca de S\u00e3o Jos\u00e9 pelo acolhimento da proposta e reafirmamos o compromisso da AACRIMESC com a defesa das prerrogativas, a valoriza\u00e7\u00e3o da advocacia dativa e a excel\u00eancia na atua\u00e7\u00e3o criminal.<\/p>\n\n\n\n<p>Seguimos juntos!<br>Elis\u00e2ngela S Muniz<br>Presidente<\/p>\n","protected":false},"excerpt":{"rendered":"<p>\ud83c\udf89 CONQUISTA INSTITUCIONAL \u2013 AACRIMESC EM DEFESA DA ADVOCACIA DATIVA NO TRIBUNAL DO J\u00daRI DE S\u00c3O JOS\u00c9\/SC \u2696\ufe0f \u00c9 com grande satisfa\u00e7\u00e3o que comunicamos a formaliza\u00e7\u00e3o<span class=\"excerpt-hellip\"> [\u2026]<\/span><\/p>\n","protected":false},"author":660,"featured_media":12930,"comment_status":"closed","ping_status":"closed","sticky":false,"template":"","format":"standard","meta":{"_acf_changed":false,"footnotes":""},"categories":[4],"tags":[],"class_list":["post-12926","post","type-post","status-publish","format-standard","has-post-thumbnail","hentry","category-noticias"],"acf":[],"jetpack_featured_media_url":"https:\/\/i0.wp.com\/aacrimesc.org.br\/wp-content\/uploads\/2025\/07\/aacrimesc-em-defesa-da-advocacia.jpg?fit=900%2C626&ssl=1","_links":{"self":[{"href":"https:\/\/aacrimesc.org.br\/json\/wp\/v2\/posts\/12926","targetHints":{"allow":["GET"]}}],"collection":[{"href":"https:\/\/aacrimesc.org.br\/json\/wp\/v2\/posts"}],"about":[{"href":"https:\/\/aacrimesc.org.br\/json\/wp\/v2\/types\/post"}],"author":[{"embeddable":true,"href":"https:\/\/aacrimesc.org.br\/json\/wp\/v2\/users\/660"}],"replies":[{"embeddable":true,"href":"https:\/\/aacrimesc.org.br\/json\/wp\/v2\/comments?post=12926"}],"version-history":[{"count":3,"href":"https:\/\/aacrimesc.org.br\/json\/wp\/v2\/posts\/12926\/revisions"}],"predecessor-version":[{"id":12929,"href":"https:\/\/aacrimesc.org.br\/json\/wp\/v2\/posts\/12926\/revisions\/12929"}],"wp:featuredmedia":[{"embeddable":true,"href":"https:\/\/aacrimesc.org.br\/json\/wp\/v2\/media\/12930"}],"wp:attachment":[{"href":"https:\/\/aacrimesc.org.br\/json\/wp\/v2\/media?parent=12926"}],"wp:term":[{"taxonomy":"category","embeddable":true,"href":"https:\/\/aacrimesc.org.br\/json\/wp\/v2\/categories?post=12926"},{"taxonomy":"post_tag","embeddable":true,"href":"https:\/\/aacrimesc.org.br\/json\/wp\/v2\/tags?post=12926"}],"curies":[{"name":"wp","href":"https:\/\/api.w.org\/{rel}","templated":true}]}}