{"id":2408,"date":"2013-08-13T19:15:33","date_gmt":"2013-08-13T22:15:33","guid":{"rendered":"http:\/\/aacrimesc.com.br\/site\/?p=2408"},"modified":"2021-02-25T16:52:26","modified_gmt":"2021-02-25T19:52:26","slug":"posse-da-diretoria-da-sede-de-canoinhas","status":"publish","type":"post","link":"https:\/\/aacrimesc.org.br\/posse-da-diretoria-da-sede-de-canoinhas\/","title":{"rendered":"Posse da Diretoria da Sede de Canoinhas."},"content":{"rendered":"<p>Prezados Colegas.<\/p>\n<p>No pr\u00f3ximo dia 23 de agosto ser\u00e1 empossada a Diretoria da Subse\u00e7\u00e3o da AACRIMESC de Canoinhas, eleita por aclama\u00e7\u00e3o.<\/p>\n<p>A solenidade ser\u00e1 realizada na Sede da OAB de Canoinhas, com a presen\u00e7a da Diretoria da AACRIMESC, onde tomar\u00e3o posse os seguintes Colegas:<\/p>\n<p><em>Presidente: Miriam Salete Iarrocheski Murakami &#8211; OAB 29.348<\/em><\/p>\n<p><em>Vice Presidente: Luiz Fernando Freitas Neto &#8211; OAB 24.337<\/em><\/p>\n<p><em>Secret\u00e1rio Geral: Daniel Rocha &#8211; OAB 26.705<\/em><\/p>\n<p><em>2\u00ba Secret\u00e1rio: Andrey Juliano Watzko \u2013 OAB 23.439<\/em><\/p>\n<p><em>1\u00ba Tesoureiro: Cristiane Pereira dos Santos &#8211; OAB 28721<\/em><\/p>\n<p><em>2\u00ba Tesoureiro: Adir Cesar dos Santos &#8211; OAB 24506<\/em><\/p>\n<p><em>3\u00ba Tesoureiro: Vilson dos Santos &#8211; OAB 22.964<\/em><\/p>\n<p><em>Orador: Salvador de Maio Neto &#8211; OAB22.964<\/em><\/p>\n<p><em>Diretor de Divulga\u00e7\u00e3o: Evelin Steidel &#8211; OAB 36.924<\/em><\/p>\n<p><em>Diretor de Eventos: Simone Adur &#8211; OAB 29.852<\/em><\/p>\n<p><em>Suplentes: <\/em><\/p>\n<p><em>Ortenila Dick &#8211; OAB 26.710<\/em><\/p>\n<p><em>Paulo S\u00e9rgio Stokler &#8211; OAB 19.787<\/em><\/p>\n<p><em>Jos\u00e9 Cidral da Costa &#8211; OAB 1.832-B<\/em><\/p>\n<p>Ficam todos os Colegas convidados!<\/p>\n","protected":false},"excerpt":{"rendered":"<p>Prezados Colegas. No pr\u00f3ximo dia 23 de agosto ser\u00e1 empossada a Diretoria da Subse\u00e7\u00e3o da AACRIMESC de Canoinhas, eleita por aclama\u00e7\u00e3o. A solenidade ser\u00e1 realizada na<span class=\"excerpt-hellip\"> [\u2026]<\/span><\/p>\n","protected":false},"author":4,"featured_media":0,"comment_status":"closed","ping_status":"open","sticky":false,"template":"","format":"standard","meta":{"_acf_changed":false,"footnotes":""},"categories":[4],"tags":[],"class_list":["post-2408","post","type-post","status-publish","format-standard","hentry","category-noticias"],"acf":[],"jetpack_featured_media_url":"","_links":{"self":[{"href":"https:\/\/aacrimesc.org.br\/json\/wp\/v2\/posts\/2408","targetHints":{"allow":["GET"]}}],"collection":[{"href":"https:\/\/aacrimesc.org.br\/json\/wp\/v2\/posts"}],"about":[{"href":"https:\/\/aacrimesc.org.br\/json\/wp\/v2\/types\/post"}],"author":[{"embeddable":true,"href":"https:\/\/aacrimesc.org.br\/json\/wp\/v2\/users\/4"}],"replies":[{"embeddable":true,"href":"https:\/\/aacrimesc.org.br\/json\/wp\/v2\/comments?post=2408"}],"version-history":[{"count":0,"href":"https:\/\/aacrimesc.org.br\/json\/wp\/v2\/posts\/2408\/revisions"}],"wp:attachment":[{"href":"https:\/\/aacrimesc.org.br\/json\/wp\/v2\/media?parent=2408"}],"wp:term":[{"taxonomy":"category","embeddable":true,"href":"https:\/\/aacrimesc.org.br\/json\/wp\/v2\/categories?post=2408"},{"taxonomy":"post_tag","embeddable":true,"href":"https:\/\/aacrimesc.org.br\/json\/wp\/v2\/tags?post=2408"}],"curies":[{"name":"wp","href":"https:\/\/api.w.org\/{rel}","templated":true}]}}