{"id":3357,"date":"2015-03-18T19:02:04","date_gmt":"2015-03-18T22:02:04","guid":{"rendered":"http:\/\/aacrimesc.com.br\/site\/?p=3357"},"modified":"2015-03-18T19:02:04","modified_gmt":"2015-03-18T22:02:04","slug":"presidente-da-aacrimesc-e-indicado-a-juiz-do-tresc","status":"publish","type":"post","link":"https:\/\/aacrimesc.org.br\/presidente-da-aacrimesc-e-indicado-a-juiz-do-tresc\/","title":{"rendered":"Presidente da AACRIMESC \u00e9 indicado a Juiz do TRE\/SC"},"content":{"rendered":"<p>O Presidente da AACRIMESC, Dr. H\u00e9lio Rubens Brasil, teve o nome indicado pelo Pleno do Tribunal de Justi\u00e7a de Santa Catarina para compor a lista tr\u00edplice\u00a0destinada \u00e0 escolha de advogado para\u00a0integrar, como membro substituto, o Tribunal Regional Eleitoral de Santa Catarina (TRE\/SC).<\/p>\n<p>Al\u00e9m do Presidente, foram indicados para a vaga os advogados\u00a0<span style=\"color: #4a4a4a;\">Fernando Luz da Gama Lobo D&#8217;E\u00e7a e Rodrigo Brisighelli Salles.<\/span><\/p>\n<p>A\u00a0lista com os nomes escolhidos ser\u00e1\u00a0<span style=\"color: #000000;\">encaminhada pelo TSE \u00e0 Presid\u00eancia da Rep\u00fablica, que escolher\u00e1\u00a0o novo ocupante\u00a0da vaga destinada \u00e0 classe dos juristas\u00a0no Tribunal Eleitoral.<\/span><\/p>\n","protected":false},"excerpt":{"rendered":"<p>O Presidente da AACRIMESC, Dr. H\u00e9lio Rubens Brasil, teve o nome indicado pelo Pleno do Tribunal de Justi\u00e7a de Santa Catarina para compor a lista tr\u00edplice\u00a0destinada<span class=\"excerpt-hellip\"> [\u2026]<\/span><\/p>\n","protected":false},"author":4,"featured_media":0,"comment_status":"closed","ping_status":"open","sticky":false,"template":"","format":"standard","meta":{"_acf_changed":false,"footnotes":""},"categories":[4],"tags":[],"class_list":["post-3357","post","type-post","status-publish","format-standard","hentry","category-noticias"],"acf":[],"jetpack_featured_media_url":"","_links":{"self":[{"href":"https:\/\/aacrimesc.org.br\/json\/wp\/v2\/posts\/3357","targetHints":{"allow":["GET"]}}],"collection":[{"href":"https:\/\/aacrimesc.org.br\/json\/wp\/v2\/posts"}],"about":[{"href":"https:\/\/aacrimesc.org.br\/json\/wp\/v2\/types\/post"}],"author":[{"embeddable":true,"href":"https:\/\/aacrimesc.org.br\/json\/wp\/v2\/users\/4"}],"replies":[{"embeddable":true,"href":"https:\/\/aacrimesc.org.br\/json\/wp\/v2\/comments?post=3357"}],"version-history":[{"count":0,"href":"https:\/\/aacrimesc.org.br\/json\/wp\/v2\/posts\/3357\/revisions"}],"wp:attachment":[{"href":"https:\/\/aacrimesc.org.br\/json\/wp\/v2\/media?parent=3357"}],"wp:term":[{"taxonomy":"category","embeddable":true,"href":"https:\/\/aacrimesc.org.br\/json\/wp\/v2\/categories?post=3357"},{"taxonomy":"post_tag","embeddable":true,"href":"https:\/\/aacrimesc.org.br\/json\/wp\/v2\/tags?post=3357"}],"curies":[{"name":"wp","href":"https:\/\/api.w.org\/{rel}","templated":true}]}}