{"id":3718,"date":"2015-11-03T12:07:33","date_gmt":"2015-11-03T14:07:33","guid":{"rendered":"http:\/\/aacrimesc.com.br\/site\/?p=3718"},"modified":"2015-11-03T12:07:33","modified_gmt":"2015-11-03T14:07:33","slug":"aacrimesc-participa-de-reuniao-em-sao-pedro-de-alcantara","status":"publish","type":"post","link":"https:\/\/aacrimesc.org.br\/aacrimesc-participa-de-reuniao-em-sao-pedro-de-alcantara\/","title":{"rendered":"AACRIMESC participa de reuni\u00e3o em S\u00e3o Pedro de Alc\u00e2ntara"},"content":{"rendered":"<p>O presidente em exerc\u00edcio, Dr. Renato Boabaid, e o presidente licenciado, Dr. H\u00e9lio Rubens Brasil,\u00a0dando continuidade aos trabalhos iniciados no \u00faltimo dia 20\/10\u00a0juntamente\u00a0com\u00a0a magistrada titular da Vara de Execu\u00e7\u00f5es Penais de S\u00e3o Jos\u00e9, representantes do Complexo Penitenci\u00e1rio de S\u00e3o Pedro de Alc\u00e2ntara e da OAB, participaram de uma reuni\u00e3o na manh\u00e3 desta ter\u00e7a-feira (03\/11) com o Diretor do referido estabelecimento prisional.<\/p>\n<p>Na ocasi\u00e3o, conferiram\u00a0<em>in loco<\/em> o espa\u00e7o reivindicado pela Associa\u00e7\u00e3o e que ser\u00e1 futuramente disponibilizado dentro do Complexo para a constru\u00e7\u00e3o de um estacionamento no qual os colegas\u00a0poder\u00e3o deixar\u00a0o ve\u00edculo durante o\u00a0atendimento aos seus clientes, tendo, ainda, visitado a sala\u00a0reservada aos advogados.<\/p>\n<p>O Diretor informou\u00a0que,\u00a0enquanto o referido estacionamento n\u00e3o for constru\u00eddo, os caus\u00eddicos poder\u00e3o\u00a0continuar\u00a0deixando o carro na parte interna do erg\u00e1stulo.<\/p>\n<p>Na mesma oportunidade,\u00a0foram tratados assuntos pertinentes aos requerimentos feitos pela Associa\u00e7\u00e3o, o que ser\u00e1 oportunamente exposto e debatido na Assembleia Geral a ser\u00a0realizada na pr\u00f3xima quinta-feira (05\/11).<\/p>\n","protected":false},"excerpt":{"rendered":"<p>O presidente em exerc\u00edcio, Dr. Renato Boabaid, e o presidente licenciado, Dr. H\u00e9lio Rubens Brasil,\u00a0dando continuidade aos trabalhos iniciados no \u00faltimo dia 20\/10\u00a0juntamente\u00a0com\u00a0a magistrada titular da<span class=\"excerpt-hellip\"> [\u2026]<\/span><\/p>\n","protected":false},"author":4,"featured_media":0,"comment_status":"closed","ping_status":"open","sticky":false,"template":"","format":"standard","meta":{"_acf_changed":false,"footnotes":""},"categories":[4],"tags":[],"class_list":["post-3718","post","type-post","status-publish","format-standard","hentry","category-noticias"],"acf":[],"jetpack_featured_media_url":"","_links":{"self":[{"href":"https:\/\/aacrimesc.org.br\/json\/wp\/v2\/posts\/3718","targetHints":{"allow":["GET"]}}],"collection":[{"href":"https:\/\/aacrimesc.org.br\/json\/wp\/v2\/posts"}],"about":[{"href":"https:\/\/aacrimesc.org.br\/json\/wp\/v2\/types\/post"}],"author":[{"embeddable":true,"href":"https:\/\/aacrimesc.org.br\/json\/wp\/v2\/users\/4"}],"replies":[{"embeddable":true,"href":"https:\/\/aacrimesc.org.br\/json\/wp\/v2\/comments?post=3718"}],"version-history":[{"count":0,"href":"https:\/\/aacrimesc.org.br\/json\/wp\/v2\/posts\/3718\/revisions"}],"wp:attachment":[{"href":"https:\/\/aacrimesc.org.br\/json\/wp\/v2\/media?parent=3718"}],"wp:term":[{"taxonomy":"category","embeddable":true,"href":"https:\/\/aacrimesc.org.br\/json\/wp\/v2\/categories?post=3718"},{"taxonomy":"post_tag","embeddable":true,"href":"https:\/\/aacrimesc.org.br\/json\/wp\/v2\/tags?post=3718"}],"curies":[{"name":"wp","href":"https:\/\/api.w.org\/{rel}","templated":true}]}}