{"id":5479,"date":"2017-03-07T14:31:09","date_gmt":"2017-03-07T17:31:09","guid":{"rendered":"http:\/\/aacrimesc.org.br\/?p=5479"},"modified":"2017-03-07T15:58:30","modified_gmt":"2017-03-07T18:58:30","slug":"aacrimesc-realiza-visita-a-alesc-e-entrega-projeto-de-lei-propondo-a-instituicao-do-dia-do-advogado-criminalista","status":"publish","type":"post","link":"https:\/\/aacrimesc.org.br\/aacrimesc-realiza-visita-a-alesc-e-entrega-projeto-de-lei-propondo-a-instituicao-do-dia-do-advogado-criminalista\/","title":{"rendered":"AACRIMESC realiza visita a ALESC e entrega projeto de lei propondo a institui\u00e7\u00e3o do Dia do Advogado Criminalista"},"content":{"rendered":"<p>O Presidente , Dr. H\u00e9lio Rubens Brasil, e o Diretor-Tesoureiro, Dr. Deivid Willian dos Prazeres, realizaram na tarde desta\u00a0ter\u00e7a-feira (07\/03) uma visita institucional ao Deputado Natalino Lazare na Assembleia Legislativa de Santa Catarina-ALESC.<\/p>\n<p>No encontro, foi entregue\u00a0uma proposta legislativa, elaborada pela Comiss\u00e3o de Propostas e Acompanhamento de Legisla\u00e7\u00e3o da AACRIMESC, sugerindo a\u00a0institui\u00e7\u00e3o do Dia do Advogado Criminalista no calend\u00e1rio oficial do Estado de Santa Catarina.<\/p>\n<p>Seguindo o precedente oficial\u00a0do Estado de S\u00e3o Paulo (Lei n\u00ba 6.067), a data \u00e9 comemorada em diversas regi\u00f5es do pa\u00eds no dia 2 de dezembro em homenagem\u00a0aos\u00a0profissionais que exercem a \u00a0\u00e1rdua e desafiadora\u00a0especialidade do Direito Penal.<\/p>\n<p>&nbsp;<\/p>\n","protected":false},"excerpt":{"rendered":"<p>O Presidente , Dr. H\u00e9lio Rubens Brasil, e o Diretor-Tesoureiro, Dr. Deivid Willian dos Prazeres, realizaram na tarde desta\u00a0ter\u00e7a-feira (07\/03) uma visita institucional ao Deputado Natalino<span class=\"excerpt-hellip\"> [\u2026]<\/span><\/p>\n","protected":false},"author":4,"featured_media":0,"comment_status":"open","ping_status":"open","sticky":false,"template":"","format":"standard","meta":{"_acf_changed":false,"footnotes":""},"categories":[4],"tags":[],"class_list":["post-5479","post","type-post","status-publish","format-standard","hentry","category-noticias"],"acf":[],"jetpack_featured_media_url":"","_links":{"self":[{"href":"https:\/\/aacrimesc.org.br\/json\/wp\/v2\/posts\/5479","targetHints":{"allow":["GET"]}}],"collection":[{"href":"https:\/\/aacrimesc.org.br\/json\/wp\/v2\/posts"}],"about":[{"href":"https:\/\/aacrimesc.org.br\/json\/wp\/v2\/types\/post"}],"author":[{"embeddable":true,"href":"https:\/\/aacrimesc.org.br\/json\/wp\/v2\/users\/4"}],"replies":[{"embeddable":true,"href":"https:\/\/aacrimesc.org.br\/json\/wp\/v2\/comments?post=5479"}],"version-history":[{"count":0,"href":"https:\/\/aacrimesc.org.br\/json\/wp\/v2\/posts\/5479\/revisions"}],"wp:attachment":[{"href":"https:\/\/aacrimesc.org.br\/json\/wp\/v2\/media?parent=5479"}],"wp:term":[{"taxonomy":"category","embeddable":true,"href":"https:\/\/aacrimesc.org.br\/json\/wp\/v2\/categories?post=5479"},{"taxonomy":"post_tag","embeddable":true,"href":"https:\/\/aacrimesc.org.br\/json\/wp\/v2\/tags?post=5479"}],"curies":[{"name":"wp","href":"https:\/\/api.w.org\/{rel}","templated":true}]}}