{"id":5648,"date":"2017-06-26T18:06:36","date_gmt":"2017-06-26T21:06:36","guid":{"rendered":"https:\/\/aacrimesc.org.br\/?p=5648"},"modified":"2017-08-31T19:44:44","modified_gmt":"2017-08-31T22:44:44","slug":"xi-simposio-da-aacrimesc-tempo-de-resistencia","status":"publish","type":"post","link":"https:\/\/aacrimesc.org.br\/xi-simposio-da-aacrimesc-tempo-de-resistencia\/","title":{"rendered":"XI Simp\u00f3sio &#8211; Tempo de Resist\u00eancia"},"content":{"rendered":"<p><strong>Dia 01\/09\/2016 (sexta-feira)<\/strong><\/p>\n<p>14h \u2013 Apresenta\u00e7\u00e3o dos artigos que comp\u00f5em o livro da 11\u00aa edi\u00e7\u00e3o do Simp\u00f3sio da AACRIMESC \u2013 Tempo de Resist\u00eancia<\/p>\n<p>17h30min \u2013 Intervalo<\/p>\n<p>18h30mim \u2013 Credenciamento<br \/>\n19h \u2013 Solenidade de Abertura<br \/>\n19h15min \u2013 Entrega da Medalha Evilasio Neri Caon e Lan\u00e7amento do livro da 11\u00aa edi\u00e7\u00e3o do Simp\u00f3sio da AACRIMESC<\/p>\n<h4><strong>19h45min \u2013<\/strong>\u00a0<strong>Dra. Daniela Villani Bonaccorsi<\/strong><\/h4>\n<p><strong>Palestra: \u201cA advocacia criminal preventiva\u201d<\/strong><\/p>\n<p>20h45min \u2013 Coffee Break<\/p>\n<h4><strong>21h \u2013 Dr.\u00a0Leonardo Monteiro Rodrigues<\/strong><\/h4>\n<p><strong>Palestra: \u201cJusti\u00e7a x Vingan\u00e7a: qual a fun\u00e7\u00e3o do Direito Penal?\u201d<\/strong><\/p>\n<p>22h \u2013 Encerramento e Jantar (ades\u00e3o)<\/p>\n<p>&nbsp;<\/p>\n<p><strong>Dia 02\/09\/2016 (s\u00e1bado)<\/strong><\/p>\n<p>08h45min \u2013 Abertura<\/p>\n<p><strong>Palestra Dra. Dora Marzo de Albuquerque Cavalcanti Cordani<\/strong><\/p>\n<p>09h50min \u2013 Coffee Break<\/p>\n<p><strong>Palestra \u00a0Dr. Fl\u00e1vio Antonio Cruz<\/strong><\/p>\n<p>12h \u2013 Almo\u00e7o (ades\u00e3o)<\/p>\n<p><strong>14h30m \u2013 Palestra Dr. Jos\u00e9 Eduardo Cardozo\u00a0<\/strong><\/p>\n<p><strong>15h300m \u2013 Palestra \u2013 Dra.\u00a0Fernanda Martins<\/strong><\/p>\n<p>16h00m \u2013 Coffee Break<\/p>\n<p><strong>16h15m \u2013 Palestra \u2013 Dr.\u00a0Juarez Cirino dos Santos<\/strong><\/p>\n<p>18h \u2013 Encerramento<\/p>\n","protected":false},"excerpt":{"rendered":"<p>Dia 01\/09\/2016 (sexta-feira) 14h \u2013 Apresenta\u00e7\u00e3o dos artigos que comp\u00f5em o livro da 11\u00aa edi\u00e7\u00e3o do Simp\u00f3sio da AACRIMESC \u2013 Tempo de Resist\u00eancia 17h30min \u2013 Intervalo<span class=\"excerpt-hellip\"> [\u2026]<\/span><\/p>\n","protected":false},"author":4,"featured_media":0,"comment_status":"open","ping_status":"open","sticky":false,"template":"","format":"image","meta":{"_acf_changed":false,"footnotes":"","jetpack_post_was_ever_published":false},"categories":[5],"tags":[],"class_list":["post-5648","post","type-post","status-publish","format-image","hentry","category-simposios","post_format-post-format-image"],"acf":[],"jetpack_featured_media_url":"","_links":{"self":[{"href":"https:\/\/aacrimesc.org.br\/json\/wp\/v2\/posts\/5648","targetHints":{"allow":["GET"]}}],"collection":[{"href":"https:\/\/aacrimesc.org.br\/json\/wp\/v2\/posts"}],"about":[{"href":"https:\/\/aacrimesc.org.br\/json\/wp\/v2\/types\/post"}],"author":[{"embeddable":true,"href":"https:\/\/aacrimesc.org.br\/json\/wp\/v2\/users\/4"}],"replies":[{"embeddable":true,"href":"https:\/\/aacrimesc.org.br\/json\/wp\/v2\/comments?post=5648"}],"version-history":[{"count":0,"href":"https:\/\/aacrimesc.org.br\/json\/wp\/v2\/posts\/5648\/revisions"}],"wp:attachment":[{"href":"https:\/\/aacrimesc.org.br\/json\/wp\/v2\/media?parent=5648"}],"wp:term":[{"taxonomy":"category","embeddable":true,"href":"https:\/\/aacrimesc.org.br\/json\/wp\/v2\/categories?post=5648"},{"taxonomy":"post_tag","embeddable":true,"href":"https:\/\/aacrimesc.org.br\/json\/wp\/v2\/tags?post=5648"}],"curies":[{"name":"wp","href":"https:\/\/api.w.org\/{rel}","templated":true}]}}