{"id":5950,"date":"2018-03-26T15:12:20","date_gmt":"2018-03-26T18:12:20","guid":{"rendered":"https:\/\/aacrimesc.org.br\/?p=5950"},"modified":"2018-03-26T15:12:20","modified_gmt":"2018-03-26T18:12:20","slug":"ex-tesoureiro-adjunto-da-associacao-assume-a-presidencia-da-28a-subsecao-da-oab-sc","status":"publish","type":"post","link":"https:\/\/aacrimesc.org.br\/ex-tesoureiro-adjunto-da-associacao-assume-a-presidencia-da-28a-subsecao-da-oab-sc\/","title":{"rendered":"Ex-Tesoureiro Adjunto da Associa\u00e7\u00e3o assume a Presid\u00eancia da 28\u00aa Subse\u00e7\u00e3o da OAB\/SC"},"content":{"rendered":"<p>O ex-Tesoureiro-Adjunto da Associa\u00e7\u00e3o, Dr. Jorge Alencar Paix\u00e3o de Bairros, assumiu definitivamente a Presid\u00eancia da\u00a028\u00aa Subse\u00e7\u00e3o da OAB\/SC, em virtude do afastamento, a pedido, da atual Presidente, Dr. Edna\u00a0Pereira Rodrigues.<\/p>\n<p>Dr. Jorge \u00e9 o primeiro advogado criminalista a assumir o comando da institui\u00e7\u00e3o desde a data de sua funda\u00e7\u00e3o.<\/p>\n","protected":false},"excerpt":{"rendered":"<p>O ex-Tesoureiro-Adjunto da Associa\u00e7\u00e3o, Dr. Jorge Alencar Paix\u00e3o de Bairros, assumiu definitivamente a Presid\u00eancia da\u00a028\u00aa Subse\u00e7\u00e3o da OAB\/SC, em virtude do afastamento, a pedido, da atual<span class=\"excerpt-hellip\"> [\u2026]<\/span><\/p>\n","protected":false},"author":4,"featured_media":0,"comment_status":"open","ping_status":"open","sticky":false,"template":"","format":"standard","meta":{"_acf_changed":false,"footnotes":""},"categories":[4],"tags":[],"class_list":["post-5950","post","type-post","status-publish","format-standard","hentry","category-noticias"],"acf":[],"jetpack_featured_media_url":"","_links":{"self":[{"href":"https:\/\/aacrimesc.org.br\/json\/wp\/v2\/posts\/5950","targetHints":{"allow":["GET"]}}],"collection":[{"href":"https:\/\/aacrimesc.org.br\/json\/wp\/v2\/posts"}],"about":[{"href":"https:\/\/aacrimesc.org.br\/json\/wp\/v2\/types\/post"}],"author":[{"embeddable":true,"href":"https:\/\/aacrimesc.org.br\/json\/wp\/v2\/users\/4"}],"replies":[{"embeddable":true,"href":"https:\/\/aacrimesc.org.br\/json\/wp\/v2\/comments?post=5950"}],"version-history":[{"count":0,"href":"https:\/\/aacrimesc.org.br\/json\/wp\/v2\/posts\/5950\/revisions"}],"wp:attachment":[{"href":"https:\/\/aacrimesc.org.br\/json\/wp\/v2\/media?parent=5950"}],"wp:term":[{"taxonomy":"category","embeddable":true,"href":"https:\/\/aacrimesc.org.br\/json\/wp\/v2\/categories?post=5950"},{"taxonomy":"post_tag","embeddable":true,"href":"https:\/\/aacrimesc.org.br\/json\/wp\/v2\/tags?post=5950"}],"curies":[{"name":"wp","href":"https:\/\/api.w.org\/{rel}","templated":true}]}}