{"id":7081,"date":"2020-03-21T16:27:39","date_gmt":"2020-03-21T19:27:39","guid":{"rendered":"https:\/\/aacrimesc.org.br\/?p=7081"},"modified":"2020-03-21T16:36:22","modified_gmt":"2020-03-21T19:36:22","slug":"aacrimesc-postula-ao-tjsc-e-mpsc-designacao-urgente-de-auxiliares-para-atuacao-na-execucao-penal","status":"publish","type":"post","link":"https:\/\/aacrimesc.org.br\/aacrimesc-postula-ao-tjsc-e-mpsc-designacao-urgente-de-auxiliares-para-atuacao-na-execucao-penal\/","title":{"rendered":"AACRIMESC postula ao TJSC e MPSC designa\u00e7\u00e3o urgente de auxiliares para atua\u00e7\u00e3o na execu\u00e7\u00e3o penal"},"content":{"rendered":"\n<p class=\"wp-block-paragraph\">A Associa\u00e7\u00e3o dos Advogados Criminalistas do Estado de Santa Catarina, ap\u00f3s reuni\u00e3o extraordin\u00e1ria realizada remotamente na data de ontem (20\/03), expediu of\u00edcio ao Tribunal de Justi\u00e7a de Santa Catarina solicitando a designa\u00e7\u00e3o, em car\u00e1ter de urg\u00eancia, de promotores e ju\u00edzes para atuarem nos processos de execu\u00e7\u00e3o penal.<\/p>\n\n\n\n<p class=\"wp-block-paragraph\">O pedido foi motivado na reclama\u00e7\u00e3o de diversos Associados militantes na execu\u00e7\u00e3o, que relataram demora na aprecia\u00e7\u00e3o dos pedidos fundamentados nas recentes orienta\u00e7\u00f5es do Poder Judici\u00e1rio Nacional e Estadual para conten\u00e7\u00e3o do Covid-19 no Sistema Prisional.<\/p>\n\n\n\n<p class=\"wp-block-paragraph\">Segundo o Presidente da Associa\u00e7\u00e3o, Dr. Renato Boabaid: &#8221; Embora seja compreens\u00edvel a relativa demora em virtude do alto volume de pedidos semelhantes, n\u00e3o podemos esperar o prazo legal para dar as respostas nesse delicado momento de crise, sendo indispens\u00e1vel a colabora\u00e7\u00e3o de todos, pois confiamos que as melhores solu\u00e7\u00f5es s\u00e3o aquelas em que todos participam. .&#8221;<\/p>\n\n\n\n<p class=\"wp-block-paragraph\">Confira a \u00edntegra dos of\u00edcios: <\/p>\n\n\n\n<p class=\"wp-block-paragraph\"><a href=\"https:\/\/aacrimesc.org.br\/wp-content\/uploads\/2020\/03\/Of\u00edcio30.pdf\">Of\u00edcio30.TJSC Covid-19<\/a><\/p>\n\n\n\n<p class=\"wp-block-paragraph\"><a href=\"https:\/\/aacrimesc.org.br\/wp-content\/uploads\/2020\/03\/Of\u00edcio31.pdf\">Of\u00edcio31.MPSSC Covid-19<\/a><\/p>\n\n\n\n<p class=\"wp-block-paragraph\"><\/p>\n\n\n\n<p class=\"wp-block-paragraph\"><\/p>\n","protected":false},"excerpt":{"rendered":"<p>A Associa\u00e7\u00e3o dos Advogados Criminalistas do Estado de Santa Catarina, ap\u00f3s reuni\u00e3o extraordin\u00e1ria realizada remotamente na data de ontem (20\/03), expediu of\u00edcio ao Tribunal de Justi\u00e7a<span class=\"excerpt-hellip\"> [\u2026]<\/span><\/p>\n","protected":false},"author":4,"featured_media":0,"comment_status":"closed","ping_status":"open","sticky":false,"template":"","format":"standard","meta":{"_acf_changed":false,"footnotes":"","jetpack_post_was_ever_published":false},"categories":[4],"tags":[],"class_list":["post-7081","post","type-post","status-publish","format-standard","hentry","category-noticias"],"acf":[],"jetpack_featured_media_url":"","_links":{"self":[{"href":"https:\/\/aacrimesc.org.br\/json\/wp\/v2\/posts\/7081","targetHints":{"allow":["GET"]}}],"collection":[{"href":"https:\/\/aacrimesc.org.br\/json\/wp\/v2\/posts"}],"about":[{"href":"https:\/\/aacrimesc.org.br\/json\/wp\/v2\/types\/post"}],"author":[{"embeddable":true,"href":"https:\/\/aacrimesc.org.br\/json\/wp\/v2\/users\/4"}],"replies":[{"embeddable":true,"href":"https:\/\/aacrimesc.org.br\/json\/wp\/v2\/comments?post=7081"}],"version-history":[{"count":0,"href":"https:\/\/aacrimesc.org.br\/json\/wp\/v2\/posts\/7081\/revisions"}],"wp:attachment":[{"href":"https:\/\/aacrimesc.org.br\/json\/wp\/v2\/media?parent=7081"}],"wp:term":[{"taxonomy":"category","embeddable":true,"href":"https:\/\/aacrimesc.org.br\/json\/wp\/v2\/categories?post=7081"},{"taxonomy":"post_tag","embeddable":true,"href":"https:\/\/aacrimesc.org.br\/json\/wp\/v2\/tags?post=7081"}],"curies":[{"name":"wp","href":"https:\/\/api.w.org\/{rel}","templated":true}]}}