{"id":7183,"date":"2020-06-26T11:00:00","date_gmt":"2020-06-26T14:00:00","guid":{"rendered":"https:\/\/aacrimesc.org.br\/?p=7183"},"modified":"2020-10-22T14:30:48","modified_gmt":"2020-10-22T17:30:48","slug":"deliberacoes-da-assembleia-geral-26-06-2020","status":"publish","type":"post","link":"https:\/\/aacrimesc.org.br\/deliberacoes-da-assembleia-geral-26-06-2020\/","title":{"rendered":"Delibera\u00e7\u00f5es da Assembleia Geral (25\/06\/2020)"},"content":{"rendered":"\n<p>Foi realizada na data de ontem\u00a0(25\/06), \u00e0s 19:00h, a primeira Assembl\u00e9ia Geral Virtual da AACRIMESC.<\/p>\n\n\n\n<p>Quanto aos assuntos da&nbsp;pauta foi deliberado:<\/p>\n\n\n\n<p>\u2013 Prorroga\u00e7\u00e3o do prazo de pagamento da anuidade at\u00e9 o dia 31\/07 e manuten\u00e7\u00e3o do valor da anuidade em R$ 300 para Advogados e R$ 100 para Acad\u00eamicos, que pode ser paga em cota \u00fanica ou em at\u00e9 12x no site da Associa\u00e7\u00e3o;<\/p>\n\n\n\n<p>\u2013 Divulga\u00e7\u00e3o do balancete cont\u00e1bil da Associa\u00e7\u00e3o no site, inaugurando o j\u00e1 existente &#8220;Portal Transpar\u00eancia&#8221;<\/p>\n\n\n\n<p><br>\u2013 Altera\u00e7\u00e3o do art. 2\u00ba, V, do Estatuto Social, que passa a vigorar com a seguinte reda\u00e7\u00e3o: &#8220;Artigo 2\u00b0 \u2013 A Associa\u00e7\u00e3o tem como finalidade prec\u00edpua: [&#8230;] V \u2013 Representar e assistir seus associados judicial ou extrajudicialmente nas quest\u00f5es que envolvam a viola\u00e7\u00e3o de prerrogativas no exerc\u00edcio da profiss\u00e3o;<\/p>\n\n\n\n<p>\u2013 Realiza\u00e7\u00e3o do Simp\u00f3sio anual em formato digital;<\/p>\n\n\n\n<p>\u2013 Abertura de espa\u00e7o para os Associados palestrarem em eventos isolados da Associa\u00e7\u00e3o, mediante cadastro de projeto em formul\u00e1rio a ser divulgado no site da Associa\u00e7\u00e3o; <\/p>\n\n\n\n<p>\u2013 Concess\u00e3o da Medalha Evil\u00e1sio Neri Caon ao ex-Presidente da Associa\u00e7\u00e3o, Dr. Carlos Rodolpho Glavam Pinto da Luz e ao ex-Vice Presidente da Associa\u00e7\u00e3o, Dr. Giancarlo Castelan;<\/p>\n\n\n\n<p>Agradecemos a participa\u00e7\u00e3o de todos!<\/p>\n","protected":false},"excerpt":{"rendered":"<p>Foi realizada na data de ontem\u00a0(25\/06), \u00e0s 19:00h, a primeira Assembl\u00e9ia Geral Virtual da AACRIMESC. Quanto aos assuntos da&nbsp;pauta foi deliberado: \u2013 Prorroga\u00e7\u00e3o do prazo de<span class=\"excerpt-hellip\"> [\u2026]<\/span><\/p>\n","protected":false},"author":4,"featured_media":0,"comment_status":"closed","ping_status":"open","sticky":false,"template":"","format":"standard","meta":{"_acf_changed":false,"footnotes":""},"categories":[4],"tags":[],"class_list":["post-7183","post","type-post","status-publish","format-standard","hentry","category-noticias"],"acf":[],"jetpack_featured_media_url":"","_links":{"self":[{"href":"https:\/\/aacrimesc.org.br\/json\/wp\/v2\/posts\/7183","targetHints":{"allow":["GET"]}}],"collection":[{"href":"https:\/\/aacrimesc.org.br\/json\/wp\/v2\/posts"}],"about":[{"href":"https:\/\/aacrimesc.org.br\/json\/wp\/v2\/types\/post"}],"author":[{"embeddable":true,"href":"https:\/\/aacrimesc.org.br\/json\/wp\/v2\/users\/4"}],"replies":[{"embeddable":true,"href":"https:\/\/aacrimesc.org.br\/json\/wp\/v2\/comments?post=7183"}],"version-history":[{"count":0,"href":"https:\/\/aacrimesc.org.br\/json\/wp\/v2\/posts\/7183\/revisions"}],"wp:attachment":[{"href":"https:\/\/aacrimesc.org.br\/json\/wp\/v2\/media?parent=7183"}],"wp:term":[{"taxonomy":"category","embeddable":true,"href":"https:\/\/aacrimesc.org.br\/json\/wp\/v2\/categories?post=7183"},{"taxonomy":"post_tag","embeddable":true,"href":"https:\/\/aacrimesc.org.br\/json\/wp\/v2\/tags?post=7183"}],"curies":[{"name":"wp","href":"https:\/\/api.w.org\/{rel}","templated":true}]}}