{"id":9847,"date":"2022-10-24T12:49:26","date_gmt":"2022-10-24T15:49:26","guid":{"rendered":"https:\/\/aacrimesc.org.br\/?p=9847"},"modified":"2022-10-24T17:55:19","modified_gmt":"2022-10-24T20:55:19","slug":"nota-oficial-da-aacrimesc","status":"publish","type":"post","link":"https:\/\/aacrimesc.org.br\/nota-oficial-da-aacrimesc\/","title":{"rendered":"Nota oficial &#8211; AACRIMESC manifesta solidariedade \u00e0 ministra C\u00e1rmen L\u00facia"},"content":{"rendered":"\n<p><\/p>\n\n\n\n<p><\/p>\n\n\n\n<p>A Associa\u00e7\u00e3o dos Advogados Criminalistas do Estado de Santa Catarina (AACRIMESC) vem a p\u00fablico externar solidariedade \u00e0 ministra C\u00e1rmen L\u00facia, integrante do Tribunal Superior Eleitoral (TSE), em raz\u00e3o das recentes agress\u00f5es verbais proferidas pelo ex-deputado Roberto Jefferson. O ataque \u00e9 sexista e pessoal, o que demonstra desrespeito \u00e0s institui\u00e7\u00f5es democr\u00e1ticas de direito e manifesta um pensamento autorit\u00e1rio e mis\u00f3gino.<\/p>\n\n\n\n<p>As declara\u00e7\u00f5es s\u00e3o inaceit\u00e1veis, desnecess\u00e1rias, que v\u00eam para fomentar ainda mais a instabilidade institucional do pa\u00eds, ofendendo, al\u00e9m da Ministra C\u00e1rmen L\u00facia, tamb\u00e9m a todas as mulheres.<\/p>\n\n\n\n<p>A AACRIMESC lembra que a autonomia funcional dos magistrados \u00e9 um direito indispens\u00e1vel \u00e0 manuten\u00e7\u00e3o de regimes democr\u00e1ticos, encontrando-se consagrada, n\u00e3o apenas na Constitui\u00e7\u00e3o Federal, mas em in\u00fameros tratados internacionais dos quais o Brasil \u00e9 signat\u00e1rio, a exemplo da Declara\u00e7\u00e3o Universal dos Direitos Humanos (artigo 10), da Declara\u00e7\u00e3o Americana dos Direitos e Deveres do Homem (Artigo XVIII ) e do Pacto de S\u00e3o Jos\u00e9 da Costa Rica (artigo 8, \u201c1\u201d ), todos aplic\u00e1veis em nosso ordenamento jur\u00eddico com status de norma constitucional por for\u00e7a do art. 5\u00ba, \u00a73\u00ba, do Texto Constitucional.<\/p>\n\n\n\n<p>As insatisfa\u00e7\u00f5es por decis\u00f5es jur\u00eddicas devem ser resolvidas por meios pr\u00f3prios de impugna\u00e7\u00e3o, nada justificando o ataque ocorrido.<\/p>\n\n\n\n<p>O momento pol\u00edtico atual \u00e9 delicado e a AACRIMESC respeita todas as opini\u00f5es pol\u00edticas, por mais antag\u00f4nicas que sejam, sempre observando preceitos constitucionais.<\/p>\n\n\n\n<p>ASSOCIA\u00c7\u00c3O DOS ADVOGADOS CRIMINALISTAS DO ESTADO DE SANTA CATARINA<\/p>\n","protected":false},"excerpt":{"rendered":"<p>A Associa\u00e7\u00e3o dos Advogados Criminalistas do Estado de Santa Catarina (AACRIMESC) vem a p\u00fablico externar solidariedade \u00e0 ministra C\u00e1rmen L\u00facia, integrante do Tribunal Superior Eleitoral (TSE),<span class=\"excerpt-hellip\"> [\u2026]<\/span><\/p>\n","protected":false},"author":660,"featured_media":9848,"comment_status":"closed","ping_status":"closed","sticky":false,"template":"","format":"standard","meta":{"_acf_changed":false,"footnotes":""},"categories":[4],"tags":[],"class_list":["post-9847","post","type-post","status-publish","format-standard","has-post-thumbnail","hentry","category-noticias"],"acf":[],"jetpack_featured_media_url":"https:\/\/i0.wp.com\/aacrimesc.org.br\/wp-content\/uploads\/2022\/10\/notaoficial.png?fit=1080%2C1080&ssl=1","_links":{"self":[{"href":"https:\/\/aacrimesc.org.br\/json\/wp\/v2\/posts\/9847","targetHints":{"allow":["GET"]}}],"collection":[{"href":"https:\/\/aacrimesc.org.br\/json\/wp\/v2\/posts"}],"about":[{"href":"https:\/\/aacrimesc.org.br\/json\/wp\/v2\/types\/post"}],"author":[{"embeddable":true,"href":"https:\/\/aacrimesc.org.br\/json\/wp\/v2\/users\/660"}],"replies":[{"embeddable":true,"href":"https:\/\/aacrimesc.org.br\/json\/wp\/v2\/comments?post=9847"}],"version-history":[{"count":0,"href":"https:\/\/aacrimesc.org.br\/json\/wp\/v2\/posts\/9847\/revisions"}],"wp:featuredmedia":[{"embeddable":true,"href":"https:\/\/aacrimesc.org.br\/json\/wp\/v2\/media\/9848"}],"wp:attachment":[{"href":"https:\/\/aacrimesc.org.br\/json\/wp\/v2\/media?parent=9847"}],"wp:term":[{"taxonomy":"category","embeddable":true,"href":"https:\/\/aacrimesc.org.br\/json\/wp\/v2\/categories?post=9847"},{"taxonomy":"post_tag","embeddable":true,"href":"https:\/\/aacrimesc.org.br\/json\/wp\/v2\/tags?post=9847"}],"curies":[{"name":"wp","href":"https:\/\/api.w.org\/{rel}","templated":true}]}}